{"id":35723,"date":"2026-09-01T11:47:45","date_gmt":"2026-09-01T14:47:45","guid":{"rendered":"https:\/\/arquidiocesano.com\/ouropreto\/?p=35723"},"modified":"2026-09-03T14:45:37","modified_gmt":"2026-09-03T17:45:37","slug":"arquidiocesano-participa-de-projeto-piloto-nacional-do-bernoulli-para-uso-da-plataforma-praticai","status":"publish","type":"post","link":"https:\/\/arquidiocesano.com\/ouropreto\/arquidiocesano-participa-de-projeto-piloto-nacional-do-bernoulli-para-uso-da-plataforma-praticai\/","title":{"rendered":"Arquidiocesano participa de projeto-piloto nacional do Bernoulli para uso da Plataforma PraticAI"},"content":{"rendered":"<p class=\"PDq2pG_selectionAnchorContainer\" data-start=\"718\" data-end=\"1030\">Desde 2008, o Col\u00e9gio Arquidiocesano de Ouro Preto mant\u00e9m uma parceria consolidada com o Bernoulli Sistema de Ensino (BSE), que contribui para o trabalho pedag\u00f3gico desenvolvido com os(as) Estudantes, especialmente no Ensino M\u00e9dio e na prepara\u00e7\u00e3o para os processos seletivos e para o Exame Nacional do Ensino M\u00e9dio (ENEM).<\/p>\n<p data-start=\"1032\" data-end=\"1214\">Como parte desse trabalho, os(as) Alunos(as) do Ensino M\u00e9dio realizam Simulados peri\u00f3dicos e, desde 2025, contam tamb\u00e9m com material espec\u00edfico voltado para o vestibular seriado da UFMG.<\/p>\n<p data-start=\"1216\" data-end=\"1595\">Em reconhecimento ao trabalho desenvolvido pelo Col\u00e9gio Arquidiocesano Unidades Ouro Preto e Ouro Branco, o BSE selecionou a Institui\u00e7\u00e3o, juntamente com outras 48 escolas parceiras em todo o territ\u00f3rio nacional, para participar de um <strong data-start=\"1463\" data-end=\"1502\">projeto-piloto nominado de PraticAI<\/strong>, uma Plataforma Digital destinada a apoiar o trabalho com produ\u00e7\u00e3o textual no Ensino M\u00e9dio.<\/p>\n<p data-start=\"1597\" data-end=\"1841\">A ferramenta ser\u00e1 disponibilizada gradativamente \u00e0s turmas e permitir\u00e1 que os(as) Discentes tenham acesso a cr\u00e9ditos, para a pr\u00e1tica da escrita, al\u00e9m da <strong data-start=\"1741\" data-end=\"1777\">corre\u00e7\u00e3o instant\u00e2nea de reda\u00e7\u00f5es<\/strong>, acompanhada de indica\u00e7\u00f5es de melhoria e orienta\u00e7\u00f5es de estudo.<\/p>\n<p data-start=\"1843\" data-end=\"2031\">A proposta \u00e9 ampliar as possibilidades de pr\u00e1tica e acompanhamento da produ\u00e7\u00e3o textual, tornando o processo mais din\u00e2mico e contribuindo para o melhor aproveitamento das aulas presenciais.<\/p>\n<h3 data-section-id=\"1izg9n9\" data-start=\"2033\" data-end=\"2092\"><span role=\"text\"><strong data-start=\"2037\" data-end=\"2092\">Estudantes participam da experi\u00eancia em Ouro Branco<\/strong><\/span><\/h3>\n<p data-start=\"2094\" data-end=\"2281\">No dia <strong data-start=\"2101\" data-end=\"2117\">27 de agosto<\/strong>, os(as)<strong> Estudantes da 3\u00aa S\u00e9rie do Ensino M\u00e9dio do CAOP e do CAOB<\/strong> participaram, em Ouro Branco, de uma atividade promovida pelo Bernoulli para apresenta\u00e7\u00e3o da <strong>PraticAI<\/strong>.<\/p>\n<p data-start=\"2283\" data-end=\"2560\">A atividade foi contextualizada por <strong data-start=\"132\" data-end=\"143\">Luciana Mendanha<\/strong>, Assessora Pedag\u00f3gica. Na sequencia, <strong data-start=\"176\" data-end=\"194\">Dayana Avelino<\/strong> e <strong data-start=\"197\" data-end=\"213\">Marcos Muniz<\/strong>, do <strong data-start=\"218\" data-end=\"249\">Bernoulli Sistema de Ensino<\/strong>, foram respons\u00e1veis pela condu\u00e7\u00e3o da atividade e pela demonstra\u00e7\u00e3o da plataforma. Durante o encontro, os(as) Estudantes puderam conhecer a proposta, explorar os recursos dispon\u00edveis e experimentar, em tempo real, a corre\u00e7\u00e3o da pr\u00f3pria reda\u00e7\u00e3o.<\/p>\n<p data-start=\"2562\" data-end=\"2766\">A experi\u00eancia tamb\u00e9m permitiu que os(as) Alunos(as) participassem ativamente desse primeiro contato com a ferramenta, contribuindo para o processo de constru\u00e7\u00e3o e aprimoramento de uma nova solu\u00e7\u00e3o pedag\u00f3gica.<\/p>\n<p data-start=\"2768\" data-end=\"3056\">A participa\u00e7\u00e3o no projeto-piloto representa mais um movimento do Col\u00e9gio Arquidiocesano na busca por <strong data-start=\"2869\" data-end=\"2967\">ampliar as possibilidades de aprendizagem e integrar novas tecnologias \u00e0s pr\u00e1ticas pedag\u00f3gicas<\/strong>, mantendo o foco na forma\u00e7\u00e3o e na prepara\u00e7\u00e3o dos(as) Estudantes para os desafios futuros.<\/p>\n<p data-start=\"3058\" data-end=\"3267\"><strong data-start=\"3058\" data-end=\"3267\">A 3\u00aa s\u00e9rie do Ensino M\u00e9dio do Col\u00e9gio Arquidiocesano participa, assim, de uma iniciativa pioneira em \u00e2mbito nacional, unindo inova\u00e7\u00e3o, pr\u00e1tica e prepara\u00e7\u00e3o para o ENEM e para o ingresso no Ensino Superior.<\/strong><\/p>\n","protected":false},"excerpt":{"rendered":"<p>Desde 2008, o Col\u00e9gio Arquidiocesano de Ouro Preto mant\u00e9m uma parceria consolidada com o Bernoulli Sistema de Ensino (BSE), que contribui para o trabalho pedag\u00f3gico desenvolvido com os(as) Estudantes, especialmente no Ensino M\u00e9dio e na prepara\u00e7\u00e3o para os processos seletivos e para o Exame Nacional do Ensino M\u00e9dio (ENEM). Como parte desse trabalho, os(as) Alunos(as) [&hellip;]<\/p>\n","protected":false},"author":3,"featured_media":35764,"comment_status":"closed","ping_status":"closed","sticky":false,"template":"","format":"standard","meta":{"inline_featured_image":false,"footnotes":""},"categories":[6],"tags":[],"class_list":["post-35723","post","type-post","status-publish","format-standard","has-post-thumbnail","hentry","category-destaque"],"yoast_head":"<!-- This site is optimized with the Yoast SEO plugin v28.4 - https:\/\/yoast.com\/product\/yoast-seo-wordpress\/ -->\n<title>Arquidiocesano participa de projeto-piloto nacional do Bernoulli para uso da Plataforma PraticAI - Col\u00e9gio Arquidiocesano de Ouro Preto<\/title>\n<meta name=\"description\" content=\"No dia 27 de agosto, os(as) Estudantes da 3\u00aa S\u00e9rie do Ensino M\u00e9dio do CAOP e do CAOB participaram, em Ouro Branco, de uma atividade promovida pelo Bernoulli para apresenta\u00e7\u00e3o da PraticAI.\" \/>\n<meta name=\"robots\" content=\"index, follow, max-snippet:-1, max-image-preview:large, max-video-preview:-1\" \/>\n<link rel=\"canonical\" href=\"https:\/\/arquidiocesano.com\/ouropreto\/arquidiocesano-participa-de-projeto-piloto-nacional-do-bernoulli-para-uso-da-plataforma-praticai\/\" \/>\n<meta property=\"og:locale\" content=\"pt_BR\" \/>\n<meta property=\"og:type\" content=\"article\" \/>\n<meta property=\"og:title\" content=\"Arquidiocesano participa de projeto-piloto nacional do Bernoulli para uso da plataforma PraticAI - Col\u00e9gio Arquidiocesano de Ouro Preto\" \/>\n<meta property=\"og:description\" content=\"No dia 27 de agosto, os(as) Estudantes da 3\u00aa S\u00e9rie do Ensino M\u00e9dio do CAOP e do CAOB participaram, em Ouro Branco, de uma atividade promovida pelo Bernoulli para apresenta\u00e7\u00e3o da PraticAI.\" \/>\n<meta property=\"og:url\" content=\"https:\/\/arquidiocesano.com\/ouropreto\/arquidiocesano-participa-de-projeto-piloto-nacional-do-bernoulli-para-uso-da-plataforma-praticai\/\" \/>\n<meta property=\"og:site_name\" content=\"Col\u00e9gio Arquidiocesano de Ouro Preto\" \/>\n<meta property=\"article:publisher\" content=\"https:\/\/www.facebook.com\/caop.colegioarquidiocesanodeouropreto\" \/>\n<meta property=\"article:published_time\" content=\"2026-09-01T14:47:45+00:00\" \/>\n<meta property=\"article:modified_time\" content=\"2026-09-03T17:45:37+00:00\" \/>\n<meta property=\"og:image\" content=\"https:\/\/arquidiocesano.com\/ouropreto\/wp-content\/uploads\/2026\/09\/Design-sem-nome-32.webp\" \/>\n\t<meta property=\"og:image:width\" content=\"1086\" \/>\n\t<meta property=\"og:image:height\" content=\"1448\" \/>\n\t<meta property=\"og:image:type\" content=\"image\/webp\" \/>\n<meta name=\"author\" content=\"Comunica\u00e7\u00e3o Arquidiocesano\" \/>\n<meta name=\"twitter:card\" content=\"summary_large_image\" \/>\n<meta name=\"twitter:title\" content=\"Arquidiocesano participa de projeto-piloto nacional do Bernoulli para uso da plataforma PraticAI - Col\u00e9gio Arquidiocesano de Ouro Preto\" \/>\n<meta name=\"twitter:description\" content=\"No dia 27 de agosto, os(as) Estudantes da 3\u00aa S\u00e9rie do Ensino M\u00e9dio do CAOP e do CAOB participaram, em Ouro Branco, de uma atividade promovida pelo Bernoulli para apresenta\u00e7\u00e3o da PraticAI.\" \/>\n<meta name=\"twitter:image\" content=\"https:\/\/arquidiocesano.com\/ouropreto\/wp-content\/uploads\/2026\/09\/Design-sem-nome-32.webp\" \/>\n<meta name=\"twitter:label1\" content=\"Escrito por\" \/>\n\t<meta name=\"twitter:data1\" content=\"Comunica\u00e7\u00e3o Arquidiocesano\" \/>\n\t<meta name=\"twitter:label2\" content=\"Est. tempo de leitura\" \/>\n\t<meta name=\"twitter:data2\" content=\"3 minutos\" \/>\n<script type=\"application\/ld+json\" class=\"yoast-schema-graph\">{\"@context\":\"https:\\\/\\\/schema.org\",\"@graph\":[{\"@type\":\"Article\",\"@id\":\"https:\\\/\\\/arquidiocesano.com\\\/ouropreto\\\/arquidiocesano-participa-de-projeto-piloto-nacional-do-bernoulli-para-uso-da-plataforma-praticai\\\/#article\",\"isPartOf\":{\"@id\":\"https:\\\/\\\/arquidiocesano.com\\\/ouropreto\\\/arquidiocesano-participa-de-projeto-piloto-nacional-do-bernoulli-para-uso-da-plataforma-praticai\\\/\"},\"author\":{\"name\":\"Comunica\u00e7\u00e3o Arquidiocesano\",\"@id\":\"https:\\\/\\\/arquidiocesano.com\\\/ouropreto\\\/#\\\/schema\\\/person\\\/1b1ca91cb08c42875704b787ea00e3d2\"},\"headline\":\"Arquidiocesano participa de projeto-piloto nacional do Bernoulli para uso da Plataforma PraticAI\",\"datePublished\":\"2026-09-01T14:47:45+00:00\",\"dateModified\":\"2026-09-03T17:45:37+00:00\",\"mainEntityOfPage\":{\"@id\":\"https:\\\/\\\/arquidiocesano.com\\\/ouropreto\\\/arquidiocesano-participa-de-projeto-piloto-nacional-do-bernoulli-para-uso-da-plataforma-praticai\\\/\"},\"wordCount\":455,\"publisher\":{\"@id\":\"https:\\\/\\\/arquidiocesano.com\\\/ouropreto\\\/#organization\"},\"image\":{\"@id\":\"https:\\\/\\\/arquidiocesano.com\\\/ouropreto\\\/arquidiocesano-participa-de-projeto-piloto-nacional-do-bernoulli-para-uso-da-plataforma-praticai\\\/#primaryimage\"},\"thumbnailUrl\":\"https:\\\/\\\/arquidiocesano.com\\\/ouropreto\\\/wp-content\\\/uploads\\\/2026\\\/09\\\/Design-sem-nome-32.webp\",\"articleSection\":[\"Destaque\"],\"inLanguage\":\"pt-BR\"},{\"@type\":\"WebPage\",\"@id\":\"https:\\\/\\\/arquidiocesano.com\\\/ouropreto\\\/arquidiocesano-participa-de-projeto-piloto-nacional-do-bernoulli-para-uso-da-plataforma-praticai\\\/\",\"url\":\"https:\\\/\\\/arquidiocesano.com\\\/ouropreto\\\/arquidiocesano-participa-de-projeto-piloto-nacional-do-bernoulli-para-uso-da-plataforma-praticai\\\/\",\"name\":\"Arquidiocesano participa de projeto-piloto nacional do Bernoulli para uso da Plataforma PraticAI - Col\u00e9gio Arquidiocesano de Ouro Preto\",\"isPartOf\":{\"@id\":\"https:\\\/\\\/arquidiocesano.com\\\/ouropreto\\\/#website\"},\"primaryImageOfPage\":{\"@id\":\"https:\\\/\\\/arquidiocesano.com\\\/ouropreto\\\/arquidiocesano-participa-de-projeto-piloto-nacional-do-bernoulli-para-uso-da-plataforma-praticai\\\/#primaryimage\"},\"image\":{\"@id\":\"https:\\\/\\\/arquidiocesano.com\\\/ouropreto\\\/arquidiocesano-participa-de-projeto-piloto-nacional-do-bernoulli-para-uso-da-plataforma-praticai\\\/#primaryimage\"},\"thumbnailUrl\":\"https:\\\/\\\/arquidiocesano.com\\\/ouropreto\\\/wp-content\\\/uploads\\\/2026\\\/09\\\/Design-sem-nome-32.webp\",\"datePublished\":\"2026-09-01T14:47:45+00:00\",\"dateModified\":\"2026-09-03T17:45:37+00:00\",\"description\":\"No dia 27 de agosto, os(as) Estudantes da 3\u00aa S\u00e9rie do Ensino M\u00e9dio do CAOP e do CAOB participaram, em Ouro Branco, de uma atividade promovida pelo Bernoulli para apresenta\u00e7\u00e3o da PraticAI.\",\"breadcrumb\":{\"@id\":\"https:\\\/\\\/arquidiocesano.com\\\/ouropreto\\\/arquidiocesano-participa-de-projeto-piloto-nacional-do-bernoulli-para-uso-da-plataforma-praticai\\\/#breadcrumb\"},\"inLanguage\":\"pt-BR\",\"potentialAction\":[{\"@type\":\"ReadAction\",\"target\":[\"https:\\\/\\\/arquidiocesano.com\\\/ouropreto\\\/arquidiocesano-participa-de-projeto-piloto-nacional-do-bernoulli-para-uso-da-plataforma-praticai\\\/\"]}]},{\"@type\":\"ImageObject\",\"inLanguage\":\"pt-BR\",\"@id\":\"https:\\\/\\\/arquidiocesano.com\\\/ouropreto\\\/arquidiocesano-participa-de-projeto-piloto-nacional-do-bernoulli-para-uso-da-plataforma-praticai\\\/#primaryimage\",\"url\":\"https:\\\/\\\/arquidiocesano.com\\\/ouropreto\\\/wp-content\\\/uploads\\\/2026\\\/09\\\/Design-sem-nome-32.webp\",\"contentUrl\":\"https:\\\/\\\/arquidiocesano.com\\\/ouropreto\\\/wp-content\\\/uploads\\\/2026\\\/09\\\/Design-sem-nome-32.webp\",\"width\":1086,\"height\":1448},{\"@type\":\"BreadcrumbList\",\"@id\":\"https:\\\/\\\/arquidiocesano.com\\\/ouropreto\\\/arquidiocesano-participa-de-projeto-piloto-nacional-do-bernoulli-para-uso-da-plataforma-praticai\\\/#breadcrumb\",\"itemListElement\":[{\"@type\":\"ListItem\",\"position\":1,\"name\":\"In\u00edcio\",\"item\":\"https:\\\/\\\/arquidiocesano.com\\\/ouropreto\\\/\"},{\"@type\":\"ListItem\",\"position\":2,\"name\":\"Destaque\",\"item\":\"https:\\\/\\\/arquidiocesano.com\\\/ouropreto\\\/categoria\\\/destaque\\\/\"},{\"@type\":\"ListItem\",\"position\":3,\"name\":\"Arquidiocesano participa de projeto-piloto nacional do Bernoulli para uso da Plataforma PraticAI\"}]},{\"@type\":\"WebSite\",\"@id\":\"https:\\\/\\\/arquidiocesano.com\\\/ouropreto\\\/#website\",\"url\":\"https:\\\/\\\/arquidiocesano.com\\\/ouropreto\\\/\",\"name\":\"Col\u00e9gio Arquidiocesano de Ouro Preto\",\"description\":\"Excel\u00eancia em transformar vidas, com amor.\",\"publisher\":{\"@id\":\"https:\\\/\\\/arquidiocesano.com\\\/ouropreto\\\/#organization\"},\"potentialAction\":[{\"@type\":\"SearchAction\",\"target\":{\"@type\":\"EntryPoint\",\"urlTemplate\":\"https:\\\/\\\/arquidiocesano.com\\\/ouropreto\\\/?s={search_term_string}\"},\"query-input\":{\"@type\":\"PropertyValueSpecification\",\"valueRequired\":true,\"valueName\":\"search_term_string\"}}],\"inLanguage\":\"pt-BR\"},{\"@type\":\"Organization\",\"@id\":\"https:\\\/\\\/arquidiocesano.com\\\/ouropreto\\\/#organization\",\"name\":\"Col\u00e9gio Arquidiocesano de Ouro Preto\",\"url\":\"https:\\\/\\\/arquidiocesano.com\\\/ouropreto\\\/\",\"logo\":{\"@type\":\"ImageObject\",\"inLanguage\":\"pt-BR\",\"@id\":\"https:\\\/\\\/arquidiocesano.com\\\/ouropreto\\\/#\\\/schema\\\/logo\\\/image\\\/\",\"url\":\"https:\\\/\\\/arquidiocesano.com\\\/ouropreto\\\/wp-content\\\/uploads\\\/2026\\\/06\\\/caop-imagem-destacada-1024x1024-1.webp\",\"contentUrl\":\"https:\\\/\\\/arquidiocesano.com\\\/ouropreto\\\/wp-content\\\/uploads\\\/2026\\\/06\\\/caop-imagem-destacada-1024x1024-1.webp\",\"width\":1024,\"height\":1024,\"caption\":\"Col\u00e9gio Arquidiocesano de Ouro Preto\"},\"image\":{\"@id\":\"https:\\\/\\\/arquidiocesano.com\\\/ouropreto\\\/#\\\/schema\\\/logo\\\/image\\\/\"},\"sameAs\":[\"https:\\\/\\\/www.facebook.com\\\/caop.colegioarquidiocesanodeouropreto\",\"https:\\\/\\\/www.instagram.com\\\/colegioarquidiocesano\\\/\"]},{\"@type\":\"Person\",\"@id\":\"https:\\\/\\\/arquidiocesano.com\\\/ouropreto\\\/#\\\/schema\\\/person\\\/1b1ca91cb08c42875704b787ea00e3d2\",\"name\":\"Comunica\u00e7\u00e3o Arquidiocesano\",\"url\":\"https:\\\/\\\/arquidiocesano.com\\\/ouropreto\\\/author\\\/comunicacao\\\/\"}]}<\/script>\n<!-- \/ Yoast SEO plugin. -->","yoast_head_json":{"title":"Arquidiocesano participa de projeto-piloto nacional do Bernoulli para uso da Plataforma PraticAI - Col\u00e9gio Arquidiocesano de Ouro Preto","description":"No dia 27 de agosto, os(as) Estudantes da 3\u00aa S\u00e9rie do Ensino M\u00e9dio do CAOP e do CAOB participaram, em Ouro Branco, de uma atividade promovida pelo Bernoulli para apresenta\u00e7\u00e3o da PraticAI.","robots":{"index":"index","follow":"follow","max-snippet":"max-snippet:-1","max-image-preview":"max-image-preview:large","max-video-preview":"max-video-preview:-1"},"canonical":"https:\/\/arquidiocesano.com\/ouropreto\/arquidiocesano-participa-de-projeto-piloto-nacional-do-bernoulli-para-uso-da-plataforma-praticai\/","og_locale":"pt_BR","og_type":"article","og_title":"Arquidiocesano participa de projeto-piloto nacional do Bernoulli para uso da plataforma PraticAI - Col\u00e9gio Arquidiocesano de Ouro Preto","og_description":"No dia 27 de agosto, os(as) Estudantes da 3\u00aa S\u00e9rie do Ensino M\u00e9dio do CAOP e do CAOB participaram, em Ouro Branco, de uma atividade promovida pelo Bernoulli para apresenta\u00e7\u00e3o da PraticAI.","og_url":"https:\/\/arquidiocesano.com\/ouropreto\/arquidiocesano-participa-de-projeto-piloto-nacional-do-bernoulli-para-uso-da-plataforma-praticai\/","og_site_name":"Col\u00e9gio Arquidiocesano de Ouro Preto","article_publisher":"https:\/\/www.facebook.com\/caop.colegioarquidiocesanodeouropreto","article_published_time":"2026-09-01T14:47:45+00:00","article_modified_time":"2026-09-03T17:45:37+00:00","og_image":[{"width":1086,"height":1448,"url":"https:\/\/arquidiocesano.com\/ouropreto\/wp-content\/uploads\/2026\/09\/Design-sem-nome-32.webp","type":"image\/webp"}],"author":"Comunica\u00e7\u00e3o Arquidiocesano","twitter_card":"summary_large_image","twitter_title":"Arquidiocesano participa de projeto-piloto nacional do Bernoulli para uso da plataforma PraticAI - Col\u00e9gio Arquidiocesano de Ouro Preto","twitter_description":"No dia 27 de agosto, os(as) Estudantes da 3\u00aa S\u00e9rie do Ensino M\u00e9dio do CAOP e do CAOB participaram, em Ouro Branco, de uma atividade promovida pelo Bernoulli para apresenta\u00e7\u00e3o da PraticAI.","twitter_image":"https:\/\/arquidiocesano.com\/ouropreto\/wp-content\/uploads\/2026\/09\/Design-sem-nome-32.webp","twitter_misc":{"Escrito por":"Comunica\u00e7\u00e3o Arquidiocesano","Est. tempo de leitura":"3 minutos"},"schema":{"@context":"https:\/\/schema.org","@graph":[{"@type":"Article","@id":"https:\/\/arquidiocesano.com\/ouropreto\/arquidiocesano-participa-de-projeto-piloto-nacional-do-bernoulli-para-uso-da-plataforma-praticai\/#article","isPartOf":{"@id":"https:\/\/arquidiocesano.com\/ouropreto\/arquidiocesano-participa-de-projeto-piloto-nacional-do-bernoulli-para-uso-da-plataforma-praticai\/"},"author":{"name":"Comunica\u00e7\u00e3o Arquidiocesano","@id":"https:\/\/arquidiocesano.com\/ouropreto\/#\/schema\/person\/1b1ca91cb08c42875704b787ea00e3d2"},"headline":"Arquidiocesano participa de projeto-piloto nacional do Bernoulli para uso da Plataforma PraticAI","datePublished":"2026-09-01T14:47:45+00:00","dateModified":"2026-09-03T17:45:37+00:00","mainEntityOfPage":{"@id":"https:\/\/arquidiocesano.com\/ouropreto\/arquidiocesano-participa-de-projeto-piloto-nacional-do-bernoulli-para-uso-da-plataforma-praticai\/"},"wordCount":455,"publisher":{"@id":"https:\/\/arquidiocesano.com\/ouropreto\/#organization"},"image":{"@id":"https:\/\/arquidiocesano.com\/ouropreto\/arquidiocesano-participa-de-projeto-piloto-nacional-do-bernoulli-para-uso-da-plataforma-praticai\/#primaryimage"},"thumbnailUrl":"https:\/\/arquidiocesano.com\/ouropreto\/wp-content\/uploads\/2026\/09\/Design-sem-nome-32.webp","articleSection":["Destaque"],"inLanguage":"pt-BR"},{"@type":"WebPage","@id":"https:\/\/arquidiocesano.com\/ouropreto\/arquidiocesano-participa-de-projeto-piloto-nacional-do-bernoulli-para-uso-da-plataforma-praticai\/","url":"https:\/\/arquidiocesano.com\/ouropreto\/arquidiocesano-participa-de-projeto-piloto-nacional-do-bernoulli-para-uso-da-plataforma-praticai\/","name":"Arquidiocesano participa de projeto-piloto nacional do Bernoulli para uso da Plataforma PraticAI - Col\u00e9gio Arquidiocesano de Ouro Preto","isPartOf":{"@id":"https:\/\/arquidiocesano.com\/ouropreto\/#website"},"primaryImageOfPage":{"@id":"https:\/\/arquidiocesano.com\/ouropreto\/arquidiocesano-participa-de-projeto-piloto-nacional-do-bernoulli-para-uso-da-plataforma-praticai\/#primaryimage"},"image":{"@id":"https:\/\/arquidiocesano.com\/ouropreto\/arquidiocesano-participa-de-projeto-piloto-nacional-do-bernoulli-para-uso-da-plataforma-praticai\/#primaryimage"},"thumbnailUrl":"https:\/\/arquidiocesano.com\/ouropreto\/wp-content\/uploads\/2026\/09\/Design-sem-nome-32.webp","datePublished":"2026-09-01T14:47:45+00:00","dateModified":"2026-09-03T17:45:37+00:00","description":"No dia 27 de agosto, os(as) Estudantes da 3\u00aa S\u00e9rie do Ensino M\u00e9dio do CAOP e do CAOB participaram, em Ouro Branco, de uma atividade promovida pelo Bernoulli para apresenta\u00e7\u00e3o da PraticAI.","breadcrumb":{"@id":"https:\/\/arquidiocesano.com\/ouropreto\/arquidiocesano-participa-de-projeto-piloto-nacional-do-bernoulli-para-uso-da-plataforma-praticai\/#breadcrumb"},"inLanguage":"pt-BR","potentialAction":[{"@type":"ReadAction","target":["https:\/\/arquidiocesano.com\/ouropreto\/arquidiocesano-participa-de-projeto-piloto-nacional-do-bernoulli-para-uso-da-plataforma-praticai\/"]}]},{"@type":"ImageObject","inLanguage":"pt-BR","@id":"https:\/\/arquidiocesano.com\/ouropreto\/arquidiocesano-participa-de-projeto-piloto-nacional-do-bernoulli-para-uso-da-plataforma-praticai\/#primaryimage","url":"https:\/\/arquidiocesano.com\/ouropreto\/wp-content\/uploads\/2026\/09\/Design-sem-nome-32.webp","contentUrl":"https:\/\/arquidiocesano.com\/ouropreto\/wp-content\/uploads\/2026\/09\/Design-sem-nome-32.webp","width":1086,"height":1448},{"@type":"BreadcrumbList","@id":"https:\/\/arquidiocesano.com\/ouropreto\/arquidiocesano-participa-de-projeto-piloto-nacional-do-bernoulli-para-uso-da-plataforma-praticai\/#breadcrumb","itemListElement":[{"@type":"ListItem","position":1,"name":"In\u00edcio","item":"https:\/\/arquidiocesano.com\/ouropreto\/"},{"@type":"ListItem","position":2,"name":"Destaque","item":"https:\/\/arquidiocesano.com\/ouropreto\/categoria\/destaque\/"},{"@type":"ListItem","position":3,"name":"Arquidiocesano participa de projeto-piloto nacional do Bernoulli para uso da Plataforma PraticAI"}]},{"@type":"WebSite","@id":"https:\/\/arquidiocesano.com\/ouropreto\/#website","url":"https:\/\/arquidiocesano.com\/ouropreto\/","name":"Col\u00e9gio Arquidiocesano de Ouro Preto","description":"Excel\u00eancia em transformar vidas, com amor.","publisher":{"@id":"https:\/\/arquidiocesano.com\/ouropreto\/#organization"},"potentialAction":[{"@type":"SearchAction","target":{"@type":"EntryPoint","urlTemplate":"https:\/\/arquidiocesano.com\/ouropreto\/?s={search_term_string}"},"query-input":{"@type":"PropertyValueSpecification","valueRequired":true,"valueName":"search_term_string"}}],"inLanguage":"pt-BR"},{"@type":"Organization","@id":"https:\/\/arquidiocesano.com\/ouropreto\/#organization","name":"Col\u00e9gio Arquidiocesano de Ouro Preto","url":"https:\/\/arquidiocesano.com\/ouropreto\/","logo":{"@type":"ImageObject","inLanguage":"pt-BR","@id":"https:\/\/arquidiocesano.com\/ouropreto\/#\/schema\/logo\/image\/","url":"https:\/\/arquidiocesano.com\/ouropreto\/wp-content\/uploads\/2026\/06\/caop-imagem-destacada-1024x1024-1.webp","contentUrl":"https:\/\/arquidiocesano.com\/ouropreto\/wp-content\/uploads\/2026\/06\/caop-imagem-destacada-1024x1024-1.webp","width":1024,"height":1024,"caption":"Col\u00e9gio Arquidiocesano de Ouro Preto"},"image":{"@id":"https:\/\/arquidiocesano.com\/ouropreto\/#\/schema\/logo\/image\/"},"sameAs":["https:\/\/www.facebook.com\/caop.colegioarquidiocesanodeouropreto","https:\/\/www.instagram.com\/colegioarquidiocesano\/"]},{"@type":"Person","@id":"https:\/\/arquidiocesano.com\/ouropreto\/#\/schema\/person\/1b1ca91cb08c42875704b787ea00e3d2","name":"Comunica\u00e7\u00e3o Arquidiocesano","url":"https:\/\/arquidiocesano.com\/ouropreto\/author\/comunicacao\/"}]}},"_links":{"self":[{"href":"https:\/\/arquidiocesano.com\/ouropreto\/wp-json\/wp\/v2\/posts\/35723","targetHints":{"allow":["GET"]}}],"collection":[{"href":"https:\/\/arquidiocesano.com\/ouropreto\/wp-json\/wp\/v2\/posts"}],"about":[{"href":"https:\/\/arquidiocesano.com\/ouropreto\/wp-json\/wp\/v2\/types\/post"}],"author":[{"embeddable":true,"href":"https:\/\/arquidiocesano.com\/ouropreto\/wp-json\/wp\/v2\/users\/3"}],"replies":[{"embeddable":true,"href":"https:\/\/arquidiocesano.com\/ouropreto\/wp-json\/wp\/v2\/comments?post=35723"}],"version-history":[{"count":6,"href":"https:\/\/arquidiocesano.com\/ouropreto\/wp-json\/wp\/v2\/posts\/35723\/revisions"}],"predecessor-version":[{"id":35731,"href":"https:\/\/arquidiocesano.com\/ouropreto\/wp-json\/wp\/v2\/posts\/35723\/revisions\/35731"}],"wp:featuredmedia":[{"embeddable":true,"href":"https:\/\/arquidiocesano.com\/ouropreto\/wp-json\/wp\/v2\/media\/35764"}],"wp:attachment":[{"href":"https:\/\/arquidiocesano.com\/ouropreto\/wp-json\/wp\/v2\/media?parent=35723"}],"wp:term":[{"taxonomy":"category","embeddable":true,"href":"https:\/\/arquidiocesano.com\/ouropreto\/wp-json\/wp\/v2\/categories?post=35723"},{"taxonomy":"post_tag","embeddable":true,"href":"https:\/\/arquidiocesano.com\/ouropreto\/wp-json\/wp\/v2\/tags?post=35723"}],"curies":[{"name":"wp","href":"https:\/\/api.w.org\/{rel}","templated":true}]}}