{"id":35717,"date":"2026-08-29T12:57:18","date_gmt":"2026-08-29T15:57:18","guid":{"rendered":"https:\/\/arquidiocesano.com\/ouropreto\/?p=35717"},"modified":"2026-09-03T14:48:07","modified_gmt":"2026-09-03T17:48:07","slug":"equipe-do-caop-realiza-levantamento-de-interesse-para-o-periodo-integral-em-2027","status":"publish","type":"post","link":"https:\/\/arquidiocesano.com\/ouropreto\/equipe-do-caop-realiza-levantamento-de-interesse-para-o-periodo-integral-em-2027\/","title":{"rendered":"Equipe do CAOP realiza levantamento de interesse para o Per\u00edodo Integral em 2027"},"content":{"rendered":"<p data-start=\"93\" data-end=\"389\">A <strong>Equipe Diretiva Col\u00e9gio Arquidiocesano de Ouro Preto<\/strong> est\u00e1 realizando, entre <strong data-start=\"155\" data-end=\"186\">setembro e dezembro de 2026<\/strong>, um levantamento de interesse junto \u00e0s Fam\u00edlias para identificar a demanda pela oferta do <strong data-start=\"277\" data-end=\"305\">Per\u00edodo Integral em 2027<\/strong>, destinado aos(\u00e0s) Estudantes da <strong data-start=\"335\" data-end=\"388\">Educa\u00e7\u00e3o Infantil ao 5\u00ba Ano do Ensino Fundamental<\/strong>.<\/p>\n<p data-start=\"391\" data-end=\"629\">A proposta do Per\u00edodo Integral busca ampliar as oportunidades de aprendizagem e desenvolvimento dos(as) Estudantes, oferecendo mais tempo de perman\u00eancia no ambiente escolar e experi\u00eancias diversificadas que complementam o trabalho pedag\u00f3gico.<\/p>\n<p data-start=\"631\" data-end=\"852\">Entre as atividades previstas est\u00e3o <strong data-start=\"667\" data-end=\"730\">apoio escolar, arte, musicaliza\u00e7\u00e3o e atividades recreativas<\/strong>, em uma proposta voltada ao desenvolvimento <strong data-start=\"775\" data-end=\"816\">cognitivo, social, emocional e f\u00edsico<\/strong>, em um ambiente seguro e acolhedor.<\/p>\n<h3 data-section-id=\"gkbc8e\" data-start=\"854\" data-end=\"883\">Participa\u00e7\u00e3o das Fam\u00edlias<\/h3>\n<p data-start=\"885\" data-end=\"1049\">Neste primeiro momento, o objetivo \u00e9 <strong data-start=\"922\" data-end=\"983\">conhecer o interesse das Fam\u00edlias e dimensionar a demanda<\/strong>, contribuindo para o planejamento da oferta do servi\u00e7o para 2027.<\/p>\n<p data-start=\"1051\" data-end=\"1213\">Por isso, as Fam\u00edlias interessadas dever\u00e3o preencher o <strong data-start=\"1106\" data-end=\"1152\">Formul\u00e1rio de Inten\u00e7\u00e3o do Per\u00edodo Integral<\/strong>, dispon\u00edvel durante os meses de setembro a dezembro de 2026.<\/p>\n<p data-start=\"1215\" data-end=\"1468\">O preenchimento do formul\u00e1rio <strong data-start=\"1245\" data-end=\"1308\">n\u00e3o representa confirma\u00e7\u00e3o de matr\u00edcula ou garantia de vaga<\/strong>, mas constitui uma importante etapa para que o Col\u00e9gio possa conhecer as necessidades das Fam\u00edlias e organizar a proposta de acordo com a demanda identificada.<\/p>\n<h3 data-section-id=\"1tcfod7\" data-start=\"1470\" data-end=\"1525\">Mais tempo para aprender e viver novas experi\u00eancias<\/h3>\n<p data-start=\"1527\" data-end=\"1738\">O Per\u00edodo Integral pretende proporcionar aos(\u00e0s) Estudantes mais oportunidades para <strong data-start=\"1607\" data-end=\"1677\">aprender, brincar, criar, conviver e desenvolver novas habilidades<\/strong>, ampliando as experi\u00eancias vivenciadas no cotidiano escolar.<\/p>\n<p data-start=\"1740\" data-end=\"1862\"><strong data-start=\"1740\" data-end=\"1862\">As Fam\u00edlias interessadas s\u00e3o convidadas a participar do levantamento e manifestar sua inten\u00e7\u00e3o por meio do formul\u00e1rio.<\/strong><\/p>\n<p data-start=\"1864\" data-end=\"2031\"><strong data-start=\"1864\" data-end=\"1907\">Per\u00edodo para manifesta\u00e7\u00e3o de interesse:<\/strong> setembro a dezembro de 2026<br data-start=\"1935\" data-end=\"1938\" \/><strong data-start=\"1938\" data-end=\"1950\">P\u00fablico:<\/strong> Educa\u00e7\u00e3o Infantil ao 5\u00ba Ano do Ensino Fundamental<br data-start=\"2000\" data-end=\"2003\" \/><strong data-start=\"2003\" data-end=\"2026\">Previs\u00e3o da oferta:<\/strong> 2027<\/p>\n<p data-start=\"2033\" data-end=\"2072\" data-is-last-node=\"\" data-is-only-node=\"\"><a href=\"https:\/\/forms.gle\/eYc9YPZW1615mYAp8\"><strong data-start=\"2033\" data-end=\"2072\" data-is-last-node=\"\">[CLIQUE E PREENCHA O FORMUL\u00c1RIO DE INTEN\u00c7\u00c3O]<\/strong><\/a><\/p>\n","protected":false},"excerpt":{"rendered":"<p>A Equipe Diretiva Col\u00e9gio Arquidiocesano de Ouro Preto est\u00e1 realizando, entre setembro e dezembro de 2026, um levantamento de interesse junto \u00e0s Fam\u00edlias para identificar a demanda pela oferta do Per\u00edodo Integral em 2027, destinado aos(\u00e0s) Estudantes da Educa\u00e7\u00e3o Infantil ao 5\u00ba Ano do Ensino Fundamental. A proposta do Per\u00edodo Integral busca ampliar as oportunidades [&hellip;]<\/p>\n","protected":false},"author":3,"featured_media":35763,"comment_status":"closed","ping_status":"closed","sticky":false,"template":"","format":"standard","meta":{"inline_featured_image":false,"footnotes":""},"categories":[6],"tags":[],"class_list":["post-35717","post","type-post","status-publish","format-standard","has-post-thumbnail","hentry","category-destaque"],"yoast_head":"<!-- This site is optimized with the Yoast SEO plugin v28.4 - https:\/\/yoast.com\/product\/yoast-seo-wordpress\/ -->\n<title>Equipe do CAOP realiza levantamento de interesse para o Per\u00edodo Integral em 2027 - Col\u00e9gio Arquidiocesano de Ouro Preto<\/title>\n<meta name=\"description\" content=\"A Equipe Diretiva Col\u00e9gio Arquidiocesano de Ouro Preto est\u00e1 realizando, entre setembro e dezembro de 2026, um levantamento de interesse junto \u00e0s fam\u00edlias para identificar a demanda pela oferta do Per\u00edodo Integral em 2027, destinado aos estudantes da Educa\u00e7\u00e3o Infantil ao 5\u00ba Ano do Ensino Fundamental.\" \/>\n<meta name=\"robots\" content=\"index, follow, max-snippet:-1, max-image-preview:large, max-video-preview:-1\" \/>\n<link rel=\"canonical\" href=\"https:\/\/arquidiocesano.com\/ouropreto\/equipe-do-caop-realiza-levantamento-de-interesse-para-o-periodo-integral-em-2027\/\" \/>\n<meta property=\"og:locale\" content=\"pt_BR\" \/>\n<meta property=\"og:type\" content=\"article\" \/>\n<meta property=\"og:title\" content=\"Equipe do CAOP realiza levantamento de interesse para o Per\u00edodo Integral em 2027\" \/>\n<meta property=\"og:description\" content=\"Equipe do CAOP realiza levantamento de interesse para o Per\u00edodo Integral em 202A Equipe Diretiva Col\u00e9gio Arquidiocesano de Ouro Preto est\u00e1 realizando, entre setembro e dezembro de 2026, um levantamento de interesse junto \u00e0s fam\u00edlias para identificar a demanda pela oferta do Per\u00edodo Integral em 2027, destinado aos estudantes da Educa\u00e7\u00e3o Infantil ao 5\u00ba Ano do Ensino Fundamental.\" \/>\n<meta property=\"og:url\" content=\"https:\/\/arquidiocesano.com\/ouropreto\/equipe-do-caop-realiza-levantamento-de-interesse-para-o-periodo-integral-em-2027\/\" \/>\n<meta property=\"og:site_name\" content=\"Col\u00e9gio Arquidiocesano de Ouro Preto\" \/>\n<meta property=\"article:publisher\" content=\"https:\/\/www.facebook.com\/caop.colegioarquidiocesanodeouropreto\" \/>\n<meta property=\"article:published_time\" content=\"2026-08-29T15:57:18+00:00\" \/>\n<meta property=\"article:modified_time\" content=\"2026-09-03T17:48:07+00:00\" \/>\n<meta property=\"og:image\" content=\"https:\/\/arquidiocesano.com\/ouropreto\/wp-content\/uploads\/2026\/09\/Criatividade-que-inspira-1.webp\" \/>\n\t<meta property=\"og:image:width\" content=\"1086\" \/>\n\t<meta property=\"og:image:height\" content=\"1448\" \/>\n\t<meta property=\"og:image:type\" content=\"image\/webp\" \/>\n<meta name=\"author\" content=\"Comunica\u00e7\u00e3o Arquidiocesano\" \/>\n<meta name=\"twitter:card\" content=\"summary_large_image\" \/>\n<meta name=\"twitter:title\" content=\"Equipe do CAOP realiza levantamento de interesse para o Per\u00edodo Integral em 2027\" \/>\n<meta name=\"twitter:description\" content=\"A Equipe Diretiva Col\u00e9gio Arquidiocesano de Ouro Preto est\u00e1 realizando, entre setembro e dezembro de 2026, um levantamento de interesse junto \u00e0s fam\u00edlias para identificar a demanda pela oferta do Per\u00edodo Integral em 2027, destinado aos estudantes da Educa\u00e7\u00e3o Infantil ao 5\u00ba Ano do Ensino Fundamental.\" \/>\n<meta name=\"twitter:image\" content=\"https:\/\/arquidiocesano.com\/ouropreto\/wp-content\/uploads\/2026\/09\/Criatividade-que-inspira-1.webp\" \/>\n<meta name=\"twitter:label1\" content=\"Escrito por\" \/>\n\t<meta name=\"twitter:data1\" content=\"Comunica\u00e7\u00e3o Arquidiocesano\" \/>\n\t<meta name=\"twitter:label2\" content=\"Est. tempo de leitura\" \/>\n\t<meta name=\"twitter:data2\" content=\"2 minutos\" \/>\n<script type=\"application\/ld+json\" class=\"yoast-schema-graph\">{\"@context\":\"https:\\\/\\\/schema.org\",\"@graph\":[{\"@type\":\"Article\",\"@id\":\"https:\\\/\\\/arquidiocesano.com\\\/ouropreto\\\/equipe-do-caop-realiza-levantamento-de-interesse-para-o-periodo-integral-em-2027\\\/#article\",\"isPartOf\":{\"@id\":\"https:\\\/\\\/arquidiocesano.com\\\/ouropreto\\\/equipe-do-caop-realiza-levantamento-de-interesse-para-o-periodo-integral-em-2027\\\/\"},\"author\":{\"name\":\"Comunica\u00e7\u00e3o Arquidiocesano\",\"@id\":\"https:\\\/\\\/arquidiocesano.com\\\/ouropreto\\\/#\\\/schema\\\/person\\\/1b1ca91cb08c42875704b787ea00e3d2\"},\"headline\":\"Equipe do CAOP realiza levantamento de interesse para o Per\u00edodo Integral em 2027\",\"datePublished\":\"2026-08-29T15:57:18+00:00\",\"dateModified\":\"2026-09-03T17:48:07+00:00\",\"mainEntityOfPage\":{\"@id\":\"https:\\\/\\\/arquidiocesano.com\\\/ouropreto\\\/equipe-do-caop-realiza-levantamento-de-interesse-para-o-periodo-integral-em-2027\\\/\"},\"wordCount\":324,\"publisher\":{\"@id\":\"https:\\\/\\\/arquidiocesano.com\\\/ouropreto\\\/#organization\"},\"image\":{\"@id\":\"https:\\\/\\\/arquidiocesano.com\\\/ouropreto\\\/equipe-do-caop-realiza-levantamento-de-interesse-para-o-periodo-integral-em-2027\\\/#primaryimage\"},\"thumbnailUrl\":\"https:\\\/\\\/arquidiocesano.com\\\/ouropreto\\\/wp-content\\\/uploads\\\/2026\\\/09\\\/Criatividade-que-inspira-1.webp\",\"articleSection\":[\"Destaque\"],\"inLanguage\":\"pt-BR\"},{\"@type\":\"WebPage\",\"@id\":\"https:\\\/\\\/arquidiocesano.com\\\/ouropreto\\\/equipe-do-caop-realiza-levantamento-de-interesse-para-o-periodo-integral-em-2027\\\/\",\"url\":\"https:\\\/\\\/arquidiocesano.com\\\/ouropreto\\\/equipe-do-caop-realiza-levantamento-de-interesse-para-o-periodo-integral-em-2027\\\/\",\"name\":\"Equipe do CAOP realiza levantamento de interesse para o Per\u00edodo Integral em 2027 - Col\u00e9gio Arquidiocesano de Ouro Preto\",\"isPartOf\":{\"@id\":\"https:\\\/\\\/arquidiocesano.com\\\/ouropreto\\\/#website\"},\"primaryImageOfPage\":{\"@id\":\"https:\\\/\\\/arquidiocesano.com\\\/ouropreto\\\/equipe-do-caop-realiza-levantamento-de-interesse-para-o-periodo-integral-em-2027\\\/#primaryimage\"},\"image\":{\"@id\":\"https:\\\/\\\/arquidiocesano.com\\\/ouropreto\\\/equipe-do-caop-realiza-levantamento-de-interesse-para-o-periodo-integral-em-2027\\\/#primaryimage\"},\"thumbnailUrl\":\"https:\\\/\\\/arquidiocesano.com\\\/ouropreto\\\/wp-content\\\/uploads\\\/2026\\\/09\\\/Criatividade-que-inspira-1.webp\",\"datePublished\":\"2026-08-29T15:57:18+00:00\",\"dateModified\":\"2026-09-03T17:48:07+00:00\",\"description\":\"A Equipe Diretiva Col\u00e9gio Arquidiocesano de Ouro Preto est\u00e1 realizando, entre setembro e dezembro de 2026, um levantamento de interesse junto \u00e0s fam\u00edlias para identificar a demanda pela oferta do Per\u00edodo Integral em 2027, destinado aos estudantes da Educa\u00e7\u00e3o Infantil ao 5\u00ba Ano do Ensino Fundamental.\",\"breadcrumb\":{\"@id\":\"https:\\\/\\\/arquidiocesano.com\\\/ouropreto\\\/equipe-do-caop-realiza-levantamento-de-interesse-para-o-periodo-integral-em-2027\\\/#breadcrumb\"},\"inLanguage\":\"pt-BR\",\"potentialAction\":[{\"@type\":\"ReadAction\",\"target\":[\"https:\\\/\\\/arquidiocesano.com\\\/ouropreto\\\/equipe-do-caop-realiza-levantamento-de-interesse-para-o-periodo-integral-em-2027\\\/\"]}]},{\"@type\":\"ImageObject\",\"inLanguage\":\"pt-BR\",\"@id\":\"https:\\\/\\\/arquidiocesano.com\\\/ouropreto\\\/equipe-do-caop-realiza-levantamento-de-interesse-para-o-periodo-integral-em-2027\\\/#primaryimage\",\"url\":\"https:\\\/\\\/arquidiocesano.com\\\/ouropreto\\\/wp-content\\\/uploads\\\/2026\\\/09\\\/Criatividade-que-inspira-1.webp\",\"contentUrl\":\"https:\\\/\\\/arquidiocesano.com\\\/ouropreto\\\/wp-content\\\/uploads\\\/2026\\\/09\\\/Criatividade-que-inspira-1.webp\",\"width\":1086,\"height\":1448},{\"@type\":\"BreadcrumbList\",\"@id\":\"https:\\\/\\\/arquidiocesano.com\\\/ouropreto\\\/equipe-do-caop-realiza-levantamento-de-interesse-para-o-periodo-integral-em-2027\\\/#breadcrumb\",\"itemListElement\":[{\"@type\":\"ListItem\",\"position\":1,\"name\":\"In\u00edcio\",\"item\":\"https:\\\/\\\/arquidiocesano.com\\\/ouropreto\\\/\"},{\"@type\":\"ListItem\",\"position\":2,\"name\":\"Destaque\",\"item\":\"https:\\\/\\\/arquidiocesano.com\\\/ouropreto\\\/categoria\\\/destaque\\\/\"},{\"@type\":\"ListItem\",\"position\":3,\"name\":\"Equipe do CAOP realiza levantamento de interesse para o Per\u00edodo Integral em 2027\"}]},{\"@type\":\"WebSite\",\"@id\":\"https:\\\/\\\/arquidiocesano.com\\\/ouropreto\\\/#website\",\"url\":\"https:\\\/\\\/arquidiocesano.com\\\/ouropreto\\\/\",\"name\":\"Col\u00e9gio Arquidiocesano de Ouro Preto\",\"description\":\"Excel\u00eancia em transformar vidas, com amor.\",\"publisher\":{\"@id\":\"https:\\\/\\\/arquidiocesano.com\\\/ouropreto\\\/#organization\"},\"potentialAction\":[{\"@type\":\"SearchAction\",\"target\":{\"@type\":\"EntryPoint\",\"urlTemplate\":\"https:\\\/\\\/arquidiocesano.com\\\/ouropreto\\\/?s={search_term_string}\"},\"query-input\":{\"@type\":\"PropertyValueSpecification\",\"valueRequired\":true,\"valueName\":\"search_term_string\"}}],\"inLanguage\":\"pt-BR\"},{\"@type\":\"Organization\",\"@id\":\"https:\\\/\\\/arquidiocesano.com\\\/ouropreto\\\/#organization\",\"name\":\"Col\u00e9gio Arquidiocesano de Ouro Preto\",\"url\":\"https:\\\/\\\/arquidiocesano.com\\\/ouropreto\\\/\",\"logo\":{\"@type\":\"ImageObject\",\"inLanguage\":\"pt-BR\",\"@id\":\"https:\\\/\\\/arquidiocesano.com\\\/ouropreto\\\/#\\\/schema\\\/logo\\\/image\\\/\",\"url\":\"https:\\\/\\\/arquidiocesano.com\\\/ouropreto\\\/wp-content\\\/uploads\\\/2026\\\/06\\\/caop-imagem-destacada-1024x1024-1.webp\",\"contentUrl\":\"https:\\\/\\\/arquidiocesano.com\\\/ouropreto\\\/wp-content\\\/uploads\\\/2026\\\/06\\\/caop-imagem-destacada-1024x1024-1.webp\",\"width\":1024,\"height\":1024,\"caption\":\"Col\u00e9gio Arquidiocesano de Ouro Preto\"},\"image\":{\"@id\":\"https:\\\/\\\/arquidiocesano.com\\\/ouropreto\\\/#\\\/schema\\\/logo\\\/image\\\/\"},\"sameAs\":[\"https:\\\/\\\/www.facebook.com\\\/caop.colegioarquidiocesanodeouropreto\",\"https:\\\/\\\/www.instagram.com\\\/colegioarquidiocesano\\\/\"]},{\"@type\":\"Person\",\"@id\":\"https:\\\/\\\/arquidiocesano.com\\\/ouropreto\\\/#\\\/schema\\\/person\\\/1b1ca91cb08c42875704b787ea00e3d2\",\"name\":\"Comunica\u00e7\u00e3o Arquidiocesano\",\"url\":\"https:\\\/\\\/arquidiocesano.com\\\/ouropreto\\\/author\\\/comunicacao\\\/\"}]}<\/script>\n<!-- \/ Yoast SEO plugin. -->","yoast_head_json":{"title":"Equipe do CAOP realiza levantamento de interesse para o Per\u00edodo Integral em 2027 - Col\u00e9gio Arquidiocesano de Ouro Preto","description":"A Equipe Diretiva Col\u00e9gio Arquidiocesano de Ouro Preto est\u00e1 realizando, entre setembro e dezembro de 2026, um levantamento de interesse junto \u00e0s fam\u00edlias para identificar a demanda pela oferta do Per\u00edodo Integral em 2027, destinado aos estudantes da Educa\u00e7\u00e3o Infantil ao 5\u00ba Ano do Ensino Fundamental.","robots":{"index":"index","follow":"follow","max-snippet":"max-snippet:-1","max-image-preview":"max-image-preview:large","max-video-preview":"max-video-preview:-1"},"canonical":"https:\/\/arquidiocesano.com\/ouropreto\/equipe-do-caop-realiza-levantamento-de-interesse-para-o-periodo-integral-em-2027\/","og_locale":"pt_BR","og_type":"article","og_title":"Equipe do CAOP realiza levantamento de interesse para o Per\u00edodo Integral em 2027","og_description":"Equipe do CAOP realiza levantamento de interesse para o Per\u00edodo Integral em 202A Equipe Diretiva Col\u00e9gio Arquidiocesano de Ouro Preto est\u00e1 realizando, entre setembro e dezembro de 2026, um levantamento de interesse junto \u00e0s fam\u00edlias para identificar a demanda pela oferta do Per\u00edodo Integral em 2027, destinado aos estudantes da Educa\u00e7\u00e3o Infantil ao 5\u00ba Ano do Ensino Fundamental.","og_url":"https:\/\/arquidiocesano.com\/ouropreto\/equipe-do-caop-realiza-levantamento-de-interesse-para-o-periodo-integral-em-2027\/","og_site_name":"Col\u00e9gio Arquidiocesano de Ouro Preto","article_publisher":"https:\/\/www.facebook.com\/caop.colegioarquidiocesanodeouropreto","article_published_time":"2026-08-29T15:57:18+00:00","article_modified_time":"2026-09-03T17:48:07+00:00","og_image":[{"width":1086,"height":1448,"url":"https:\/\/arquidiocesano.com\/ouropreto\/wp-content\/uploads\/2026\/09\/Criatividade-que-inspira-1.webp","type":"image\/webp"}],"author":"Comunica\u00e7\u00e3o Arquidiocesano","twitter_card":"summary_large_image","twitter_title":"Equipe do CAOP realiza levantamento de interesse para o Per\u00edodo Integral em 2027","twitter_description":"A Equipe Diretiva Col\u00e9gio Arquidiocesano de Ouro Preto est\u00e1 realizando, entre setembro e dezembro de 2026, um levantamento de interesse junto \u00e0s fam\u00edlias para identificar a demanda pela oferta do Per\u00edodo Integral em 2027, destinado aos estudantes da Educa\u00e7\u00e3o Infantil ao 5\u00ba Ano do Ensino Fundamental.","twitter_image":"https:\/\/arquidiocesano.com\/ouropreto\/wp-content\/uploads\/2026\/09\/Criatividade-que-inspira-1.webp","twitter_misc":{"Escrito por":"Comunica\u00e7\u00e3o Arquidiocesano","Est. tempo de leitura":"2 minutos"},"schema":{"@context":"https:\/\/schema.org","@graph":[{"@type":"Article","@id":"https:\/\/arquidiocesano.com\/ouropreto\/equipe-do-caop-realiza-levantamento-de-interesse-para-o-periodo-integral-em-2027\/#article","isPartOf":{"@id":"https:\/\/arquidiocesano.com\/ouropreto\/equipe-do-caop-realiza-levantamento-de-interesse-para-o-periodo-integral-em-2027\/"},"author":{"name":"Comunica\u00e7\u00e3o Arquidiocesano","@id":"https:\/\/arquidiocesano.com\/ouropreto\/#\/schema\/person\/1b1ca91cb08c42875704b787ea00e3d2"},"headline":"Equipe do CAOP realiza levantamento de interesse para o Per\u00edodo Integral em 2027","datePublished":"2026-08-29T15:57:18+00:00","dateModified":"2026-09-03T17:48:07+00:00","mainEntityOfPage":{"@id":"https:\/\/arquidiocesano.com\/ouropreto\/equipe-do-caop-realiza-levantamento-de-interesse-para-o-periodo-integral-em-2027\/"},"wordCount":324,"publisher":{"@id":"https:\/\/arquidiocesano.com\/ouropreto\/#organization"},"image":{"@id":"https:\/\/arquidiocesano.com\/ouropreto\/equipe-do-caop-realiza-levantamento-de-interesse-para-o-periodo-integral-em-2027\/#primaryimage"},"thumbnailUrl":"https:\/\/arquidiocesano.com\/ouropreto\/wp-content\/uploads\/2026\/09\/Criatividade-que-inspira-1.webp","articleSection":["Destaque"],"inLanguage":"pt-BR"},{"@type":"WebPage","@id":"https:\/\/arquidiocesano.com\/ouropreto\/equipe-do-caop-realiza-levantamento-de-interesse-para-o-periodo-integral-em-2027\/","url":"https:\/\/arquidiocesano.com\/ouropreto\/equipe-do-caop-realiza-levantamento-de-interesse-para-o-periodo-integral-em-2027\/","name":"Equipe do CAOP realiza levantamento de interesse para o Per\u00edodo Integral em 2027 - Col\u00e9gio Arquidiocesano de Ouro Preto","isPartOf":{"@id":"https:\/\/arquidiocesano.com\/ouropreto\/#website"},"primaryImageOfPage":{"@id":"https:\/\/arquidiocesano.com\/ouropreto\/equipe-do-caop-realiza-levantamento-de-interesse-para-o-periodo-integral-em-2027\/#primaryimage"},"image":{"@id":"https:\/\/arquidiocesano.com\/ouropreto\/equipe-do-caop-realiza-levantamento-de-interesse-para-o-periodo-integral-em-2027\/#primaryimage"},"thumbnailUrl":"https:\/\/arquidiocesano.com\/ouropreto\/wp-content\/uploads\/2026\/09\/Criatividade-que-inspira-1.webp","datePublished":"2026-08-29T15:57:18+00:00","dateModified":"2026-09-03T17:48:07+00:00","description":"A Equipe Diretiva Col\u00e9gio Arquidiocesano de Ouro Preto est\u00e1 realizando, entre setembro e dezembro de 2026, um levantamento de interesse junto \u00e0s fam\u00edlias para identificar a demanda pela oferta do Per\u00edodo Integral em 2027, destinado aos estudantes da Educa\u00e7\u00e3o Infantil ao 5\u00ba Ano do Ensino Fundamental.","breadcrumb":{"@id":"https:\/\/arquidiocesano.com\/ouropreto\/equipe-do-caop-realiza-levantamento-de-interesse-para-o-periodo-integral-em-2027\/#breadcrumb"},"inLanguage":"pt-BR","potentialAction":[{"@type":"ReadAction","target":["https:\/\/arquidiocesano.com\/ouropreto\/equipe-do-caop-realiza-levantamento-de-interesse-para-o-periodo-integral-em-2027\/"]}]},{"@type":"ImageObject","inLanguage":"pt-BR","@id":"https:\/\/arquidiocesano.com\/ouropreto\/equipe-do-caop-realiza-levantamento-de-interesse-para-o-periodo-integral-em-2027\/#primaryimage","url":"https:\/\/arquidiocesano.com\/ouropreto\/wp-content\/uploads\/2026\/09\/Criatividade-que-inspira-1.webp","contentUrl":"https:\/\/arquidiocesano.com\/ouropreto\/wp-content\/uploads\/2026\/09\/Criatividade-que-inspira-1.webp","width":1086,"height":1448},{"@type":"BreadcrumbList","@id":"https:\/\/arquidiocesano.com\/ouropreto\/equipe-do-caop-realiza-levantamento-de-interesse-para-o-periodo-integral-em-2027\/#breadcrumb","itemListElement":[{"@type":"ListItem","position":1,"name":"In\u00edcio","item":"https:\/\/arquidiocesano.com\/ouropreto\/"},{"@type":"ListItem","position":2,"name":"Destaque","item":"https:\/\/arquidiocesano.com\/ouropreto\/categoria\/destaque\/"},{"@type":"ListItem","position":3,"name":"Equipe do CAOP realiza levantamento de interesse para o Per\u00edodo Integral em 2027"}]},{"@type":"WebSite","@id":"https:\/\/arquidiocesano.com\/ouropreto\/#website","url":"https:\/\/arquidiocesano.com\/ouropreto\/","name":"Col\u00e9gio Arquidiocesano de Ouro Preto","description":"Excel\u00eancia em transformar vidas, com amor.","publisher":{"@id":"https:\/\/arquidiocesano.com\/ouropreto\/#organization"},"potentialAction":[{"@type":"SearchAction","target":{"@type":"EntryPoint","urlTemplate":"https:\/\/arquidiocesano.com\/ouropreto\/?s={search_term_string}"},"query-input":{"@type":"PropertyValueSpecification","valueRequired":true,"valueName":"search_term_string"}}],"inLanguage":"pt-BR"},{"@type":"Organization","@id":"https:\/\/arquidiocesano.com\/ouropreto\/#organization","name":"Col\u00e9gio Arquidiocesano de Ouro Preto","url":"https:\/\/arquidiocesano.com\/ouropreto\/","logo":{"@type":"ImageObject","inLanguage":"pt-BR","@id":"https:\/\/arquidiocesano.com\/ouropreto\/#\/schema\/logo\/image\/","url":"https:\/\/arquidiocesano.com\/ouropreto\/wp-content\/uploads\/2026\/06\/caop-imagem-destacada-1024x1024-1.webp","contentUrl":"https:\/\/arquidiocesano.com\/ouropreto\/wp-content\/uploads\/2026\/06\/caop-imagem-destacada-1024x1024-1.webp","width":1024,"height":1024,"caption":"Col\u00e9gio Arquidiocesano de Ouro Preto"},"image":{"@id":"https:\/\/arquidiocesano.com\/ouropreto\/#\/schema\/logo\/image\/"},"sameAs":["https:\/\/www.facebook.com\/caop.colegioarquidiocesanodeouropreto","https:\/\/www.instagram.com\/colegioarquidiocesano\/"]},{"@type":"Person","@id":"https:\/\/arquidiocesano.com\/ouropreto\/#\/schema\/person\/1b1ca91cb08c42875704b787ea00e3d2","name":"Comunica\u00e7\u00e3o Arquidiocesano","url":"https:\/\/arquidiocesano.com\/ouropreto\/author\/comunicacao\/"}]}},"_links":{"self":[{"href":"https:\/\/arquidiocesano.com\/ouropreto\/wp-json\/wp\/v2\/posts\/35717","targetHints":{"allow":["GET"]}}],"collection":[{"href":"https:\/\/arquidiocesano.com\/ouropreto\/wp-json\/wp\/v2\/posts"}],"about":[{"href":"https:\/\/arquidiocesano.com\/ouropreto\/wp-json\/wp\/v2\/types\/post"}],"author":[{"embeddable":true,"href":"https:\/\/arquidiocesano.com\/ouropreto\/wp-json\/wp\/v2\/users\/3"}],"replies":[{"embeddable":true,"href":"https:\/\/arquidiocesano.com\/ouropreto\/wp-json\/wp\/v2\/comments?post=35717"}],"version-history":[{"count":3,"href":"https:\/\/arquidiocesano.com\/ouropreto\/wp-json\/wp\/v2\/posts\/35717\/revisions"}],"predecessor-version":[{"id":35722,"href":"https:\/\/arquidiocesano.com\/ouropreto\/wp-json\/wp\/v2\/posts\/35717\/revisions\/35722"}],"wp:featuredmedia":[{"embeddable":true,"href":"https:\/\/arquidiocesano.com\/ouropreto\/wp-json\/wp\/v2\/media\/35763"}],"wp:attachment":[{"href":"https:\/\/arquidiocesano.com\/ouropreto\/wp-json\/wp\/v2\/media?parent=35717"}],"wp:term":[{"taxonomy":"category","embeddable":true,"href":"https:\/\/arquidiocesano.com\/ouropreto\/wp-json\/wp\/v2\/categories?post=35717"},{"taxonomy":"post_tag","embeddable":true,"href":"https:\/\/arquidiocesano.com\/ouropreto\/wp-json\/wp\/v2\/tags?post=35717"}],"curies":[{"name":"wp","href":"https:\/\/api.w.org\/{rel}","templated":true}]}}