{"id":35709,"date":"2026-08-28T08:56:20","date_gmt":"2026-08-28T11:56:20","guid":{"rendered":"https:\/\/arquidiocesano.com\/ouropreto\/?p=35709"},"modified":"2026-09-03T14:46:34","modified_gmt":"2026-09-03T17:46:34","slug":"processo-de-admissao-de-novosas-estudantes-para-2027","status":"publish","type":"post","link":"https:\/\/arquidiocesano.com\/ouropreto\/processo-de-admissao-de-novosas-estudantes-para-2027\/","title":{"rendered":"Processo de Admiss\u00e3o de Novos(as) Estudantes para 2027"},"content":{"rendered":"<div class=\"elementor-element elementor-element-0213fce elementor-widget elementor-widget-text-editor\" data-id=\"0213fce\" data-element_type=\"widget\" data-e-type=\"widget\" data-widget_type=\"text-editor.default\">\n<div class=\"elementor-widget-container\">\n<h3><strong>O futuro come\u00e7a com uma educa\u00e7\u00e3o que transforma<\/strong><\/h3>\n<p>Escolher uma escola \u00e9 uma decis\u00e3o importante para o presente e para o futuro de cada Estudante.<\/p>\n<p>No\u00a0<b>Col\u00e9gio Arquidiocesano de Ouro Preto<\/b>, a educa\u00e7\u00e3o \u00e9 compreendida como um processo de Forma\u00e7\u00e3o Integral, fundamentado no direito \u00e0 vida, na valoriza\u00e7\u00e3o da diversidade, em princ\u00edpios \u00e9ticos e crist\u00e3os e no compromisso com uma educa\u00e7\u00e3o de refer\u00eancia.<\/p>\n<p>Para o\u00a0<b>Ano Letivo de 2027<\/b>, a Equipe do Col\u00e9gio Arquidiocesano de Ouro Preto realizar\u00e1 o\u00a0<b>Processo Seletivo para Admiss\u00e3o de Novos(as) Estudantes<\/b>.<\/p>\n<p>As inscri\u00e7\u00f5es para o Processo Seletivo ter\u00e3o in\u00edcio no dia\u00a0<b>18 de agosto de 2026<\/b>\u00a0e permanecer\u00e3o abertas at\u00e9\u00a0<b>18 de setembro de 2026<\/b>.<\/p>\n<p>Durante esse per\u00edodo, as Fam\u00edlias interessadas dever\u00e3o consultar atentamente o Edital, a seguir, e preencher o Formul\u00e1rio de Inscri\u00e7\u00e3o.<\/p>\n<\/div>\n<\/div>\n<div class=\"elementor-element elementor-element-b1c2042 elementor-align-center elementor-mobile-align-justify elementor-widget elementor-widget-button\" data-id=\"b1c2042\" data-element_type=\"widget\" data-e-type=\"widget\" data-widget_type=\"button.default\">\n<div class=\"elementor-widget-container\">\n<div class=\"elementor-button-wrapper\"><a class=\"elementor-button elementor-button-link elementor-size-sm\" href=\"https:\/\/arquidiocesano.com\/ouropreto\/wp-content\/uploads\/2026\/08\/Edital-CAOP-Admissao-de-Novos-Alunos-2027.pdf\" target=\"_blank\" rel=\"noopener\"><span class=\"elementor-button-content-wrapper\"><span class=\"elementor-button-text\">CONFIRA O EDITAL<\/span><\/span><\/a><\/div>\n<div><\/div>\n<\/div>\n<\/div>\n<div class=\"elementor-element elementor-element-c561703 elementor-align-center elementor-mobile-align-justify elementor-widget elementor-widget-button\" data-id=\"c561703\" data-element_type=\"widget\" data-e-type=\"widget\" data-widget_type=\"button.default\">\n<div class=\"elementor-widget-container\">\n<div class=\"elementor-button-wrapper\"><a class=\"elementor-button elementor-button-link elementor-size-sm\" href=\"https:\/\/forms.gle\/Ys289Dx2NTeYZ2fU8\" target=\"_blank\" rel=\"noopener\"><span class=\"elementor-button-content-wrapper\"><span class=\"elementor-button-text\">FORMUL\u00c1RIO DE INSCRI\u00c7\u00c3O<\/span><\/span><\/a><\/div>\n<\/div>\n<\/div>\n<div><\/div>\n<div>\n<h5>Componentes Programa\u0301ticos e Habilidades para a Sondagem Pedago\u0301gica:<\/h5>\n<p><a href=\"https:\/\/arquidiocesano.com\/ouropreto\/wp-content\/uploads\/2026\/09\/COMPONENTES-PROGRAMATICOS-3o-ANO-EF.pdf\" target=\"_blank\" rel=\"noopener\">3\u00ba Ano Ensino Fundamental<\/a>\u00a0\u2014\u00a0<a href=\"https:\/\/arquidiocesano.com\/ouropreto\/wp-content\/uploads\/2026\/09\/COMPONENTES-PROGRAMATICOS-4o-ANO-EF.pdf\" target=\"_blank\" rel=\"noopener\">4\u00ba Ano Ensino Fundamental<\/a>\u00a0\u2014\u00a0<a href=\"https:\/\/arquidiocesano.com\/ouropreto\/wp-content\/uploads\/2026\/09\/COMPONENTES-PROGRAMATICOS-5o-ANO-EF.pdf\" target=\"_blank\" rel=\"noopener\">5\u00ba Ano Ensino Fundamental<\/a>\u00a0\u2014\u00a0<a href=\"https:\/\/arquidiocesano.com\/ouropreto\/wp-content\/uploads\/2026\/09\/COMPONENTES-PROGRAMATICOS-6o-ANO-EF.pdf\" target=\"_blank\" rel=\"noopener\">6\u00ba Ano Ensino Fundamental<\/a>\u00a0\u2014\u00a0<a href=\"https:\/\/arquidiocesano.com\/ouropreto\/wp-content\/uploads\/2026\/09\/COMPONENTES-PROGRAMATICOS-7o-ANO-EF.pdf\" target=\"_blank\" rel=\"noopener\">7\u00ba Ano Ensino Fundamental<\/a>\u00a0\u2014\u00a0<a href=\"https:\/\/arquidiocesano.com\/ouropreto\/wp-content\/uploads\/2026\/09\/COMPONENTES-PROGRAMATICOS-8o-ANO-EF.pdf\" target=\"_blank\" rel=\"noopener\">8\u00ba Ano Ensino Fundamental<\/a>\u00a0\u2014\u00a0<a href=\"https:\/\/arquidiocesano.com\/ouropreto\/wp-content\/uploads\/2026\/09\/COMPONENTES-PROGRAMATICOS-9o-ANO-EF.pdf\" target=\"_blank\" rel=\"noopener\">9\u00ba Ano Ensino Fundamental<\/a>\u00a0\u2014\u00a0<a href=\"https:\/\/arquidiocesano.com\/ouropreto\/wp-content\/uploads\/2026\/09\/COMPONENTES-PROGRAMATICOS-1a-SERIE-EM.pdf\" target=\"_blank\" rel=\"noopener\">1\u00aa S\u00e9rie Ensino M\u00e9dio<\/a>\u00a0\u2014\u00a0<a href=\"https:\/\/arquidiocesano.com\/ouropreto\/wp-content\/uploads\/2026\/09\/COMPONENTES-PROGRAMATICOS-2a-SERIE-EM.pdf\" target=\"_blank\" rel=\"noopener\">2\u00aa S\u00e9rie Ensino M\u00e9dio<\/a>\u00a0\u2014\u00a0<a href=\"https:\/\/arquidiocesano.com\/ouropreto\/wp-content\/uploads\/2026\/09\/COMPONENTES-PROGRAMATICOS-3a-SERIE-EM.pdf\" target=\"_blank\" rel=\"noopener\">3\u00aa S\u00e9rie Ensino M\u00e9dio<\/a><\/p>\n<\/div>\n<div class=\"elementor-element elementor-element-c87eec6 elementor-widget elementor-widget-text-editor\" data-id=\"c87eec6\" data-element_type=\"widget\" data-e-type=\"widget\" data-widget_type=\"text-editor.default\">\n<div class=\"elementor-widget-container\"><\/div>\n<\/div>\n<p>A Equipe do Col\u00e9gio Arquidiocesano de Ouro Preto permanece \u00e0 disposi\u00e7\u00e3o para prestar esclarecimentos e orienta\u00e7\u00f5es sobre o Processo de Admiss\u00e3o de Novos(as) Estudantes.<\/p>\n<div class=\"elementor-element elementor-element-1b99568 elementor-widget elementor-widget-text-editor\" data-id=\"1b99568\" data-element_type=\"widget\" data-e-type=\"widget\" data-widget_type=\"text-editor.default\">\n<div class=\"elementor-widget-container\">\n<p><strong>EM CASO DE D\u00daVIDAS, ENTRE EM CONTATO:<\/strong><\/p>\n<p>(31) 3793-1154 \/ (31) 99817-2926<br \/>\ncaop.secretaria@arquidiocesano.com<\/p>\n<\/div>\n<\/div>\n<div class=\"elementor-element elementor-element-78f54f4 elementor-widget elementor-widget-text-editor\" data-id=\"78f54f4\" data-element_type=\"widget\" data-e-type=\"widget\" data-widget_type=\"text-editor.default\">\n<div class=\"elementor-widget-container\">\n<p>Agradecemos, antecipadamente, a confian\u00e7a depositada na Institui\u00e7\u00e3o.<\/p>\n<\/div>\n<\/div>\n","protected":false},"excerpt":{"rendered":"<p>O futuro come\u00e7a com uma educa\u00e7\u00e3o que transforma Escolher uma escola \u00e9 uma decis\u00e3o importante para o presente e para o futuro de cada Estudante. No\u00a0Col\u00e9gio Arquidiocesano de Ouro Preto, a educa\u00e7\u00e3o \u00e9 compreendida como um processo de Forma\u00e7\u00e3o Integral, fundamentado no direito \u00e0 vida, na valoriza\u00e7\u00e3o da diversidade, em princ\u00edpios \u00e9ticos e crist\u00e3os e [&hellip;]<\/p>\n","protected":false},"author":3,"featured_media":35760,"comment_status":"closed","ping_status":"closed","sticky":false,"template":"","format":"standard","meta":{"inline_featured_image":false,"footnotes":""},"categories":[6],"tags":[],"class_list":["post-35709","post","type-post","status-publish","format-standard","has-post-thumbnail","hentry","category-destaque"],"yoast_head":"<!-- This site is optimized with the Yoast SEO plugin v28.4 - https:\/\/yoast.com\/product\/yoast-seo-wordpress\/ -->\n<title>Processo de Admiss\u00e3o de Novos(as) Estudantes para 2027 - Col\u00e9gio Arquidiocesano de Ouro Preto<\/title>\n<meta name=\"description\" content=\"Para o\u00a0Ano Letivo de 2027, a Equipe do Col\u00e9gio Arquidiocesano de Ouro Preto realizar\u00e1 o\u00a0Processo Seletivo para Admiss\u00e3o de Novos(as) Estudantes.\" \/>\n<meta name=\"robots\" content=\"index, follow, max-snippet:-1, max-image-preview:large, max-video-preview:-1\" \/>\n<link rel=\"canonical\" href=\"https:\/\/arquidiocesano.com\/ouropreto\/processo-de-admissao-de-novosas-estudantes-para-2027\/\" \/>\n<meta property=\"og:locale\" content=\"pt_BR\" \/>\n<meta property=\"og:type\" content=\"article\" \/>\n<meta property=\"og:title\" content=\"Processo de Admiss\u00e3o de Novos(as) Estudantes para 2027 - Col\u00e9gio Arquidiocesano de Ouro Preto\" \/>\n<meta property=\"og:description\" content=\"Dia dos Pais: uma homenagem \u00e0 presen\u00e7a, ao cuidado e aos valores que permanecemPara o\u00a0Ano Letivo de 2027, a Equipe do Col\u00e9gio Arquidiocesano de Ouro Preto realizar\u00e1 o\u00a0Processo Seletivo para Admiss\u00e3o de Novos(as) Estudantes.\" \/>\n<meta property=\"og:url\" content=\"https:\/\/arquidiocesano.com\/ouropreto\/processo-de-admissao-de-novosas-estudantes-para-2027\/\" \/>\n<meta property=\"og:site_name\" content=\"Col\u00e9gio Arquidiocesano de Ouro Preto\" \/>\n<meta property=\"article:publisher\" content=\"https:\/\/www.facebook.com\/caop.colegioarquidiocesanodeouropreto\" \/>\n<meta property=\"article:published_time\" content=\"2026-08-28T11:56:20+00:00\" \/>\n<meta property=\"article:modified_time\" content=\"2026-09-03T17:46:34+00:00\" \/>\n<meta property=\"og:image\" content=\"https:\/\/arquidiocesano.com\/ouropreto\/wp-content\/uploads\/2026\/09\/INSTAGRAM-2.webp\" \/>\n\t<meta property=\"og:image:width\" content=\"1080\" \/>\n\t<meta property=\"og:image:height\" content=\"1440\" \/>\n\t<meta property=\"og:image:type\" content=\"image\/webp\" \/>\n<meta name=\"author\" content=\"Comunica\u00e7\u00e3o Arquidiocesano\" \/>\n<meta name=\"twitter:card\" content=\"summary_large_image\" \/>\n<meta name=\"twitter:title\" content=\"Processo de Admiss\u00e3o de Novos(as) Estudantes para 2027Processo de Admiss\u00e3o de Novos(as) Estudantes para 2027 - Col\u00e9gio Arquidiocesano de Ouro Preto\" \/>\n<meta name=\"twitter:description\" content=\"Para o\u00a0Ano Letivo de 2027, a Equipe do Col\u00e9gio Arquidiocesano de Ouro Preto realizar\u00e1 o\u00a0Processo Seletivo para Admiss\u00e3o de Novos(as) Estudantes.\" \/>\n<meta name=\"twitter:image\" content=\"https:\/\/arquidiocesano.com\/ouropreto\/wp-content\/uploads\/2026\/09\/INSTAGRAM-2.webp\" \/>\n<meta name=\"twitter:label1\" content=\"Escrito por\" \/>\n\t<meta name=\"twitter:data1\" content=\"Comunica\u00e7\u00e3o Arquidiocesano\" \/>\n\t<meta name=\"twitter:label2\" content=\"Est. tempo de leitura\" \/>\n\t<meta name=\"twitter:data2\" content=\"2 minutos\" \/>\n<script type=\"application\/ld+json\" class=\"yoast-schema-graph\">{\"@context\":\"https:\\\/\\\/schema.org\",\"@graph\":[{\"@type\":\"Article\",\"@id\":\"https:\\\/\\\/arquidiocesano.com\\\/ouropreto\\\/processo-de-admissao-de-novosas-estudantes-para-2027\\\/#article\",\"isPartOf\":{\"@id\":\"https:\\\/\\\/arquidiocesano.com\\\/ouropreto\\\/processo-de-admissao-de-novosas-estudantes-para-2027\\\/\"},\"author\":{\"name\":\"Comunica\u00e7\u00e3o Arquidiocesano\",\"@id\":\"https:\\\/\\\/arquidiocesano.com\\\/ouropreto\\\/#\\\/schema\\\/person\\\/1b1ca91cb08c42875704b787ea00e3d2\"},\"headline\":\"Processo de Admiss\u00e3o de Novos(as) Estudantes para 2027\",\"datePublished\":\"2026-08-28T11:56:20+00:00\",\"dateModified\":\"2026-09-03T17:46:34+00:00\",\"mainEntityOfPage\":{\"@id\":\"https:\\\/\\\/arquidiocesano.com\\\/ouropreto\\\/processo-de-admissao-de-novosas-estudantes-para-2027\\\/\"},\"wordCount\":258,\"publisher\":{\"@id\":\"https:\\\/\\\/arquidiocesano.com\\\/ouropreto\\\/#organization\"},\"image\":{\"@id\":\"https:\\\/\\\/arquidiocesano.com\\\/ouropreto\\\/processo-de-admissao-de-novosas-estudantes-para-2027\\\/#primaryimage\"},\"thumbnailUrl\":\"https:\\\/\\\/arquidiocesano.com\\\/ouropreto\\\/wp-content\\\/uploads\\\/2026\\\/09\\\/INSTAGRAM-2.webp\",\"articleSection\":[\"Destaque\"],\"inLanguage\":\"pt-BR\"},{\"@type\":\"WebPage\",\"@id\":\"https:\\\/\\\/arquidiocesano.com\\\/ouropreto\\\/processo-de-admissao-de-novosas-estudantes-para-2027\\\/\",\"url\":\"https:\\\/\\\/arquidiocesano.com\\\/ouropreto\\\/processo-de-admissao-de-novosas-estudantes-para-2027\\\/\",\"name\":\"Processo de Admiss\u00e3o de Novos(as) Estudantes para 2027 - Col\u00e9gio Arquidiocesano de Ouro Preto\",\"isPartOf\":{\"@id\":\"https:\\\/\\\/arquidiocesano.com\\\/ouropreto\\\/#website\"},\"primaryImageOfPage\":{\"@id\":\"https:\\\/\\\/arquidiocesano.com\\\/ouropreto\\\/processo-de-admissao-de-novosas-estudantes-para-2027\\\/#primaryimage\"},\"image\":{\"@id\":\"https:\\\/\\\/arquidiocesano.com\\\/ouropreto\\\/processo-de-admissao-de-novosas-estudantes-para-2027\\\/#primaryimage\"},\"thumbnailUrl\":\"https:\\\/\\\/arquidiocesano.com\\\/ouropreto\\\/wp-content\\\/uploads\\\/2026\\\/09\\\/INSTAGRAM-2.webp\",\"datePublished\":\"2026-08-28T11:56:20+00:00\",\"dateModified\":\"2026-09-03T17:46:34+00:00\",\"description\":\"Para o\u00a0Ano Letivo de 2027, a Equipe do Col\u00e9gio Arquidiocesano de Ouro Preto realizar\u00e1 o\u00a0Processo Seletivo para Admiss\u00e3o de Novos(as) Estudantes.\",\"breadcrumb\":{\"@id\":\"https:\\\/\\\/arquidiocesano.com\\\/ouropreto\\\/processo-de-admissao-de-novosas-estudantes-para-2027\\\/#breadcrumb\"},\"inLanguage\":\"pt-BR\",\"potentialAction\":[{\"@type\":\"ReadAction\",\"target\":[\"https:\\\/\\\/arquidiocesano.com\\\/ouropreto\\\/processo-de-admissao-de-novosas-estudantes-para-2027\\\/\"]}]},{\"@type\":\"ImageObject\",\"inLanguage\":\"pt-BR\",\"@id\":\"https:\\\/\\\/arquidiocesano.com\\\/ouropreto\\\/processo-de-admissao-de-novosas-estudantes-para-2027\\\/#primaryimage\",\"url\":\"https:\\\/\\\/arquidiocesano.com\\\/ouropreto\\\/wp-content\\\/uploads\\\/2026\\\/09\\\/INSTAGRAM-2.webp\",\"contentUrl\":\"https:\\\/\\\/arquidiocesano.com\\\/ouropreto\\\/wp-content\\\/uploads\\\/2026\\\/09\\\/INSTAGRAM-2.webp\",\"width\":1080,\"height\":1440},{\"@type\":\"BreadcrumbList\",\"@id\":\"https:\\\/\\\/arquidiocesano.com\\\/ouropreto\\\/processo-de-admissao-de-novosas-estudantes-para-2027\\\/#breadcrumb\",\"itemListElement\":[{\"@type\":\"ListItem\",\"position\":1,\"name\":\"In\u00edcio\",\"item\":\"https:\\\/\\\/arquidiocesano.com\\\/ouropreto\\\/\"},{\"@type\":\"ListItem\",\"position\":2,\"name\":\"Destaque\",\"item\":\"https:\\\/\\\/arquidiocesano.com\\\/ouropreto\\\/categoria\\\/destaque\\\/\"},{\"@type\":\"ListItem\",\"position\":3,\"name\":\"Processo de Admiss\u00e3o de Novos(as) Estudantes para 2027\"}]},{\"@type\":\"WebSite\",\"@id\":\"https:\\\/\\\/arquidiocesano.com\\\/ouropreto\\\/#website\",\"url\":\"https:\\\/\\\/arquidiocesano.com\\\/ouropreto\\\/\",\"name\":\"Col\u00e9gio Arquidiocesano de Ouro Preto\",\"description\":\"Excel\u00eancia em transformar vidas, com amor.\",\"publisher\":{\"@id\":\"https:\\\/\\\/arquidiocesano.com\\\/ouropreto\\\/#organization\"},\"potentialAction\":[{\"@type\":\"SearchAction\",\"target\":{\"@type\":\"EntryPoint\",\"urlTemplate\":\"https:\\\/\\\/arquidiocesano.com\\\/ouropreto\\\/?s={search_term_string}\"},\"query-input\":{\"@type\":\"PropertyValueSpecification\",\"valueRequired\":true,\"valueName\":\"search_term_string\"}}],\"inLanguage\":\"pt-BR\"},{\"@type\":\"Organization\",\"@id\":\"https:\\\/\\\/arquidiocesano.com\\\/ouropreto\\\/#organization\",\"name\":\"Col\u00e9gio Arquidiocesano de Ouro Preto\",\"url\":\"https:\\\/\\\/arquidiocesano.com\\\/ouropreto\\\/\",\"logo\":{\"@type\":\"ImageObject\",\"inLanguage\":\"pt-BR\",\"@id\":\"https:\\\/\\\/arquidiocesano.com\\\/ouropreto\\\/#\\\/schema\\\/logo\\\/image\\\/\",\"url\":\"https:\\\/\\\/arquidiocesano.com\\\/ouropreto\\\/wp-content\\\/uploads\\\/2026\\\/06\\\/caop-imagem-destacada-1024x1024-1.webp\",\"contentUrl\":\"https:\\\/\\\/arquidiocesano.com\\\/ouropreto\\\/wp-content\\\/uploads\\\/2026\\\/06\\\/caop-imagem-destacada-1024x1024-1.webp\",\"width\":1024,\"height\":1024,\"caption\":\"Col\u00e9gio Arquidiocesano de Ouro Preto\"},\"image\":{\"@id\":\"https:\\\/\\\/arquidiocesano.com\\\/ouropreto\\\/#\\\/schema\\\/logo\\\/image\\\/\"},\"sameAs\":[\"https:\\\/\\\/www.facebook.com\\\/caop.colegioarquidiocesanodeouropreto\",\"https:\\\/\\\/www.instagram.com\\\/colegioarquidiocesano\\\/\"]},{\"@type\":\"Person\",\"@id\":\"https:\\\/\\\/arquidiocesano.com\\\/ouropreto\\\/#\\\/schema\\\/person\\\/1b1ca91cb08c42875704b787ea00e3d2\",\"name\":\"Comunica\u00e7\u00e3o Arquidiocesano\",\"url\":\"https:\\\/\\\/arquidiocesano.com\\\/ouropreto\\\/author\\\/comunicacao\\\/\"}]}<\/script>\n<!-- \/ Yoast SEO plugin. -->","yoast_head_json":{"title":"Processo de Admiss\u00e3o de Novos(as) Estudantes para 2027 - Col\u00e9gio Arquidiocesano de Ouro Preto","description":"Para o\u00a0Ano Letivo de 2027, a Equipe do Col\u00e9gio Arquidiocesano de Ouro Preto realizar\u00e1 o\u00a0Processo Seletivo para Admiss\u00e3o de Novos(as) Estudantes.","robots":{"index":"index","follow":"follow","max-snippet":"max-snippet:-1","max-image-preview":"max-image-preview:large","max-video-preview":"max-video-preview:-1"},"canonical":"https:\/\/arquidiocesano.com\/ouropreto\/processo-de-admissao-de-novosas-estudantes-para-2027\/","og_locale":"pt_BR","og_type":"article","og_title":"Processo de Admiss\u00e3o de Novos(as) Estudantes para 2027 - Col\u00e9gio Arquidiocesano de Ouro Preto","og_description":"Dia dos Pais: uma homenagem \u00e0 presen\u00e7a, ao cuidado e aos valores que permanecemPara o\u00a0Ano Letivo de 2027, a Equipe do Col\u00e9gio Arquidiocesano de Ouro Preto realizar\u00e1 o\u00a0Processo Seletivo para Admiss\u00e3o de Novos(as) Estudantes.","og_url":"https:\/\/arquidiocesano.com\/ouropreto\/processo-de-admissao-de-novosas-estudantes-para-2027\/","og_site_name":"Col\u00e9gio Arquidiocesano de Ouro Preto","article_publisher":"https:\/\/www.facebook.com\/caop.colegioarquidiocesanodeouropreto","article_published_time":"2026-08-28T11:56:20+00:00","article_modified_time":"2026-09-03T17:46:34+00:00","og_image":[{"width":1080,"height":1440,"url":"https:\/\/arquidiocesano.com\/ouropreto\/wp-content\/uploads\/2026\/09\/INSTAGRAM-2.webp","type":"image\/webp"}],"author":"Comunica\u00e7\u00e3o Arquidiocesano","twitter_card":"summary_large_image","twitter_title":"Processo de Admiss\u00e3o de Novos(as) Estudantes para 2027Processo de Admiss\u00e3o de Novos(as) Estudantes para 2027 - Col\u00e9gio Arquidiocesano de Ouro Preto","twitter_description":"Para o\u00a0Ano Letivo de 2027, a Equipe do Col\u00e9gio Arquidiocesano de Ouro Preto realizar\u00e1 o\u00a0Processo Seletivo para Admiss\u00e3o de Novos(as) Estudantes.","twitter_image":"https:\/\/arquidiocesano.com\/ouropreto\/wp-content\/uploads\/2026\/09\/INSTAGRAM-2.webp","twitter_misc":{"Escrito por":"Comunica\u00e7\u00e3o Arquidiocesano","Est. tempo de leitura":"2 minutos"},"schema":{"@context":"https:\/\/schema.org","@graph":[{"@type":"Article","@id":"https:\/\/arquidiocesano.com\/ouropreto\/processo-de-admissao-de-novosas-estudantes-para-2027\/#article","isPartOf":{"@id":"https:\/\/arquidiocesano.com\/ouropreto\/processo-de-admissao-de-novosas-estudantes-para-2027\/"},"author":{"name":"Comunica\u00e7\u00e3o Arquidiocesano","@id":"https:\/\/arquidiocesano.com\/ouropreto\/#\/schema\/person\/1b1ca91cb08c42875704b787ea00e3d2"},"headline":"Processo de Admiss\u00e3o de Novos(as) Estudantes para 2027","datePublished":"2026-08-28T11:56:20+00:00","dateModified":"2026-09-03T17:46:34+00:00","mainEntityOfPage":{"@id":"https:\/\/arquidiocesano.com\/ouropreto\/processo-de-admissao-de-novosas-estudantes-para-2027\/"},"wordCount":258,"publisher":{"@id":"https:\/\/arquidiocesano.com\/ouropreto\/#organization"},"image":{"@id":"https:\/\/arquidiocesano.com\/ouropreto\/processo-de-admissao-de-novosas-estudantes-para-2027\/#primaryimage"},"thumbnailUrl":"https:\/\/arquidiocesano.com\/ouropreto\/wp-content\/uploads\/2026\/09\/INSTAGRAM-2.webp","articleSection":["Destaque"],"inLanguage":"pt-BR"},{"@type":"WebPage","@id":"https:\/\/arquidiocesano.com\/ouropreto\/processo-de-admissao-de-novosas-estudantes-para-2027\/","url":"https:\/\/arquidiocesano.com\/ouropreto\/processo-de-admissao-de-novosas-estudantes-para-2027\/","name":"Processo de Admiss\u00e3o de Novos(as) Estudantes para 2027 - Col\u00e9gio Arquidiocesano de Ouro Preto","isPartOf":{"@id":"https:\/\/arquidiocesano.com\/ouropreto\/#website"},"primaryImageOfPage":{"@id":"https:\/\/arquidiocesano.com\/ouropreto\/processo-de-admissao-de-novosas-estudantes-para-2027\/#primaryimage"},"image":{"@id":"https:\/\/arquidiocesano.com\/ouropreto\/processo-de-admissao-de-novosas-estudantes-para-2027\/#primaryimage"},"thumbnailUrl":"https:\/\/arquidiocesano.com\/ouropreto\/wp-content\/uploads\/2026\/09\/INSTAGRAM-2.webp","datePublished":"2026-08-28T11:56:20+00:00","dateModified":"2026-09-03T17:46:34+00:00","description":"Para o\u00a0Ano Letivo de 2027, a Equipe do Col\u00e9gio Arquidiocesano de Ouro Preto realizar\u00e1 o\u00a0Processo Seletivo para Admiss\u00e3o de Novos(as) Estudantes.","breadcrumb":{"@id":"https:\/\/arquidiocesano.com\/ouropreto\/processo-de-admissao-de-novosas-estudantes-para-2027\/#breadcrumb"},"inLanguage":"pt-BR","potentialAction":[{"@type":"ReadAction","target":["https:\/\/arquidiocesano.com\/ouropreto\/processo-de-admissao-de-novosas-estudantes-para-2027\/"]}]},{"@type":"ImageObject","inLanguage":"pt-BR","@id":"https:\/\/arquidiocesano.com\/ouropreto\/processo-de-admissao-de-novosas-estudantes-para-2027\/#primaryimage","url":"https:\/\/arquidiocesano.com\/ouropreto\/wp-content\/uploads\/2026\/09\/INSTAGRAM-2.webp","contentUrl":"https:\/\/arquidiocesano.com\/ouropreto\/wp-content\/uploads\/2026\/09\/INSTAGRAM-2.webp","width":1080,"height":1440},{"@type":"BreadcrumbList","@id":"https:\/\/arquidiocesano.com\/ouropreto\/processo-de-admissao-de-novosas-estudantes-para-2027\/#breadcrumb","itemListElement":[{"@type":"ListItem","position":1,"name":"In\u00edcio","item":"https:\/\/arquidiocesano.com\/ouropreto\/"},{"@type":"ListItem","position":2,"name":"Destaque","item":"https:\/\/arquidiocesano.com\/ouropreto\/categoria\/destaque\/"},{"@type":"ListItem","position":3,"name":"Processo de Admiss\u00e3o de Novos(as) Estudantes para 2027"}]},{"@type":"WebSite","@id":"https:\/\/arquidiocesano.com\/ouropreto\/#website","url":"https:\/\/arquidiocesano.com\/ouropreto\/","name":"Col\u00e9gio Arquidiocesano de Ouro Preto","description":"Excel\u00eancia em transformar vidas, com amor.","publisher":{"@id":"https:\/\/arquidiocesano.com\/ouropreto\/#organization"},"potentialAction":[{"@type":"SearchAction","target":{"@type":"EntryPoint","urlTemplate":"https:\/\/arquidiocesano.com\/ouropreto\/?s={search_term_string}"},"query-input":{"@type":"PropertyValueSpecification","valueRequired":true,"valueName":"search_term_string"}}],"inLanguage":"pt-BR"},{"@type":"Organization","@id":"https:\/\/arquidiocesano.com\/ouropreto\/#organization","name":"Col\u00e9gio Arquidiocesano de Ouro Preto","url":"https:\/\/arquidiocesano.com\/ouropreto\/","logo":{"@type":"ImageObject","inLanguage":"pt-BR","@id":"https:\/\/arquidiocesano.com\/ouropreto\/#\/schema\/logo\/image\/","url":"https:\/\/arquidiocesano.com\/ouropreto\/wp-content\/uploads\/2026\/06\/caop-imagem-destacada-1024x1024-1.webp","contentUrl":"https:\/\/arquidiocesano.com\/ouropreto\/wp-content\/uploads\/2026\/06\/caop-imagem-destacada-1024x1024-1.webp","width":1024,"height":1024,"caption":"Col\u00e9gio Arquidiocesano de Ouro Preto"},"image":{"@id":"https:\/\/arquidiocesano.com\/ouropreto\/#\/schema\/logo\/image\/"},"sameAs":["https:\/\/www.facebook.com\/caop.colegioarquidiocesanodeouropreto","https:\/\/www.instagram.com\/colegioarquidiocesano\/"]},{"@type":"Person","@id":"https:\/\/arquidiocesano.com\/ouropreto\/#\/schema\/person\/1b1ca91cb08c42875704b787ea00e3d2","name":"Comunica\u00e7\u00e3o Arquidiocesano","url":"https:\/\/arquidiocesano.com\/ouropreto\/author\/comunicacao\/"}]}},"_links":{"self":[{"href":"https:\/\/arquidiocesano.com\/ouropreto\/wp-json\/wp\/v2\/posts\/35709","targetHints":{"allow":["GET"]}}],"collection":[{"href":"https:\/\/arquidiocesano.com\/ouropreto\/wp-json\/wp\/v2\/posts"}],"about":[{"href":"https:\/\/arquidiocesano.com\/ouropreto\/wp-json\/wp\/v2\/types\/post"}],"author":[{"embeddable":true,"href":"https:\/\/arquidiocesano.com\/ouropreto\/wp-json\/wp\/v2\/users\/3"}],"replies":[{"embeddable":true,"href":"https:\/\/arquidiocesano.com\/ouropreto\/wp-json\/wp\/v2\/comments?post=35709"}],"version-history":[{"count":8,"href":"https:\/\/arquidiocesano.com\/ouropreto\/wp-json\/wp\/v2\/posts\/35709\/revisions"}],"predecessor-version":[{"id":35759,"href":"https:\/\/arquidiocesano.com\/ouropreto\/wp-json\/wp\/v2\/posts\/35709\/revisions\/35759"}],"wp:featuredmedia":[{"embeddable":true,"href":"https:\/\/arquidiocesano.com\/ouropreto\/wp-json\/wp\/v2\/media\/35760"}],"wp:attachment":[{"href":"https:\/\/arquidiocesano.com\/ouropreto\/wp-json\/wp\/v2\/media?parent=35709"}],"wp:term":[{"taxonomy":"category","embeddable":true,"href":"https:\/\/arquidiocesano.com\/ouropreto\/wp-json\/wp\/v2\/categories?post=35709"},{"taxonomy":"post_tag","embeddable":true,"href":"https:\/\/arquidiocesano.com\/ouropreto\/wp-json\/wp\/v2\/tags?post=35709"}],"curies":[{"name":"wp","href":"https:\/\/api.w.org\/{rel}","templated":true}]}}