{"id":35704,"date":"2026-08-27T15:20:27","date_gmt":"2026-08-27T18:20:27","guid":{"rendered":"https:\/\/arquidiocesano.com\/ouropreto\/?p=35704"},"modified":"2026-08-29T12:58:19","modified_gmt":"2026-08-29T15:58:19","slug":"celebracoes-eucaristicas-na-capela-de-nossa-senhora-do-bom-conselho","status":"publish","type":"post","link":"https:\/\/arquidiocesano.com\/ouropreto\/celebracoes-eucaristicas-na-capela-de-nossa-senhora-do-bom-conselho\/","title":{"rendered":"Celebra\u00e7\u00f5es Eucar\u00edsticas na Capela de Nossa Senhora do Bom Conselho"},"content":{"rendered":"<div class=\"elementor-element elementor-element-0213fce elementor-widget elementor-widget-text-editor\" data-id=\"0213fce\" data-element_type=\"widget\" data-e-type=\"widget\" data-widget_type=\"text-editor.default\">\n<p class=\"PDq2pG_selectionAnchorContainer\" data-start=\"49\" data-end=\"319\">Neste ano, as turmas do <strong data-start=\"73\" data-end=\"113\">Col\u00e9gio Arquidiocesano de Ouro Preto<\/strong> passaram a receber nomes de santos. Como parte dessa proposta, os(as) Estudantes, com os <strong data-start=\"203\" data-end=\"240\">Professores Evaldo e Padre Wesley<\/strong>, conheceram a biografia e a trajet\u00f3ria dos Santos e Santas que d\u00e3o nome \u00e0s suas turmas.<\/p>\n<div class=\"elementor-widget-container\">\n<p class=\"PDq2pG_selectionAnchorContainer\" data-start=\"93\" data-end=\"321\">No dia <strong data-start=\"100\" data-end=\"115\">25 de agosto<\/strong>, as turmas do <strong>6\u00ba Ano do Ensino Fundamental \u2013 Anos Finais<\/strong>, que recebem os nomes de <strong data-start=\"406\" data-end=\"428\">S\u00e3o Domingos S\u00e1vio<\/strong> e <strong data-start=\"431\" data-end=\"457\">Santa Dulce dos Pobres<\/strong>, participaram de uma Celebra\u00e7\u00e3o Eucar\u00edstica na <strong>Capela de Nossa Senhora do Bom Conselho<\/strong>, em um momento de ora\u00e7\u00e3o, reflex\u00e3o e comunh\u00e3o.<\/p>\n<p data-start=\"323\" data-end=\"641\">A Celebra\u00e7\u00e3o foi presidida pelo <strong data-start=\"355\" data-end=\"434\">Diretor do Col\u00e9gio Arquidiocesano de Ouro Preto, Padre Edir Martins Moreira<\/strong>, e contou com o apoio do Ministro da Eucaristia <strong data-start=\"460\" data-end=\"514\">Caetano, pai do aluno \u00c1lvaro de Oliveira Bonif\u00e1cio<\/strong>, que auxiliou o sacerdote durante a celebra\u00e7\u00e3o. <strong data-start=\"563\" data-end=\"641\">A condu\u00e7\u00e3o musical ficou a cargo de \u00c1lvaro e da Coordenadora Maria Teresa.<\/strong><\/p>\n<p data-start=\"643\" data-end=\"956\">Tamb\u00e9m participaram como <strong data-start=\"668\" data-end=\"681\">coroinhas<\/strong> os(as) Estudantes <strong data-start=\"700\" data-end=\"817\">Maria Teresa Lisboa Fina, J\u00falia Alves Nascimento, Lorenzo Augusto Ferreira Braga e \u00camily Vit\u00f3ria Ferreira Martins<\/strong>. <strong data-start=\"819\" data-end=\"906\">Alunos(as) e Funcion\u00e1rios(as) tamb\u00e9m colaboraram como leitores durante a celebra\u00e7\u00e3o<\/strong>, participando de diferentes momentos da liturgia.<\/p>\n<p data-start=\"958\" data-end=\"1166\">O momento marcou o in\u00edcio das <strong data-start=\"988\" data-end=\"1043\">Celebra\u00e7\u00f5es Eucar\u00edsticas do Segundo Semestre Letivo<\/strong>, promovidas pelo Col\u00e9gio como parte das a\u00e7\u00f5es de forma\u00e7\u00e3o integral e de viv\u00eancia da espiritualidade na Comunidade Escolar.<\/p>\n<p data-start=\"1168\" data-end=\"1327\">As Celebra\u00e7\u00f5es ser\u00e3o realizadas <strong data-start=\"1200\" data-end=\"1257\">\u00e0s ter\u00e7as-feiras, \u00e0s 7h10, logo ap\u00f3s a Ora\u00e7\u00e3o Inicial<\/strong>, envolvendo, a cada semana, as turmas de um determinado ano ou s\u00e9rie.<\/p>\n<p data-start=\"1329\" data-end=\"1609\">Esses momentos de <strong data-start=\"1347\" data-end=\"1378\">ora\u00e7\u00e3o, reflex\u00e3o e comunh\u00e3o<\/strong> integram a proposta educativa do Col\u00e9gio Arquidiocesano de Ouro Preto e contribuem para fortalecer os v\u00ednculos de f\u00e9 e espiritualidade entre Alunos(as), Professores(as), Funcion\u00e1rios(as) e demais integrantes da Comunidade Escolar.<\/p>\n<p data-start=\"1611\" data-end=\"1851\" data-is-last-node=\"\" data-is-only-node=\"\">A participa\u00e7\u00e3o de diferentes integrantes da Comunidade Escolar reafirma a import\u00e2ncia de cultivar espa\u00e7os de <strong data-start=\"1720\" data-end=\"1771\">encontro, escuta, participa\u00e7\u00e3o e viv\u00eancia da f\u00e9<\/strong>, integrando a forma\u00e7\u00e3o acad\u00eamica \u00e0s dimens\u00f5es humana, espiritual e comunit\u00e1ria.<\/p>\n<\/div>\n<\/div>\n","protected":false},"excerpt":{"rendered":"<p>Neste ano, as turmas do Col\u00e9gio Arquidiocesano de Ouro Preto passaram a receber nomes de santos. Como parte dessa proposta, os(as) Estudantes, com os Professores Evaldo e Padre Wesley, conheceram a biografia e a trajet\u00f3ria dos Santos e Santas que d\u00e3o nome \u00e0s suas turmas. No dia 25 de agosto, as turmas do 6\u00ba Ano [&hellip;]<\/p>\n","protected":false},"author":3,"featured_media":35705,"comment_status":"closed","ping_status":"closed","sticky":false,"template":"","format":"standard","meta":{"inline_featured_image":false,"footnotes":""},"categories":[1],"tags":[],"class_list":["post-35704","post","type-post","status-publish","format-standard","has-post-thumbnail","hentry","category-noticias"],"yoast_head":"<!-- This site is optimized with the Yoast SEO plugin v28.4 - https:\/\/yoast.com\/product\/yoast-seo-wordpress\/ -->\n<title>Celebra\u00e7\u00f5es Eucar\u00edsticas na Capela de Nossa Senhora do Bom Conselho - Col\u00e9gio Arquidiocesano de Ouro Preto<\/title>\n<meta name=\"description\" content=\"No dia 25 de mar\u00e7o, as turmas do 6\u00ba Ano do Ensino Fundamental \u2013 Anos Finais, acompanhadas por Professores(as) e Funcion\u00e1rios(as), participaram de uma Celebra\u00e7\u00e3o Eucar\u00edstica na Capela de Nossa Senhora do Bom Conselho.\" \/>\n<meta name=\"robots\" content=\"index, follow, max-snippet:-1, max-image-preview:large, max-video-preview:-1\" \/>\n<link rel=\"canonical\" href=\"https:\/\/arquidiocesano.com\/ouropreto\/celebracoes-eucaristicas-na-capela-de-nossa-senhora-do-bom-conselho\/\" \/>\n<meta property=\"og:locale\" content=\"pt_BR\" \/>\n<meta property=\"og:type\" content=\"article\" \/>\n<meta property=\"og:title\" content=\"Celebra\u00e7\u00f5es Eucar\u00edsticas na Capela de Nossa Senhora do Bom Conselho - Col\u00e9gio Arquidiocesano de Ouro Preto\" \/>\n<meta property=\"og:description\" content=\"No dia 25 de mar\u00e7o, as turmas do 6\u00ba Ano do Ensino Fundamental \u2013 Anos Finais, acompanhadas por Professores(as) e Funcion\u00e1rios(as), participaram de uma Celebra\u00e7\u00e3o Eucar\u00edstica na Capela de Nossa Senhora do Bom Conselho.\" \/>\n<meta property=\"og:url\" content=\"https:\/\/arquidiocesano.com\/ouropreto\/celebracoes-eucaristicas-na-capela-de-nossa-senhora-do-bom-conselho\/\" \/>\n<meta property=\"og:site_name\" content=\"Col\u00e9gio Arquidiocesano de Ouro Preto\" \/>\n<meta property=\"article:publisher\" content=\"https:\/\/www.facebook.com\/caop.colegioarquidiocesanodeouropreto\" \/>\n<meta property=\"article:published_time\" content=\"2026-08-27T18:20:27+00:00\" \/>\n<meta property=\"article:modified_time\" content=\"2026-08-29T15:58:19+00:00\" \/>\n<meta property=\"og:image\" content=\"https:\/\/arquidiocesano.com\/ouropreto\/wp-content\/uploads\/2026\/08\/xvc-3.png\" \/>\n\t<meta property=\"og:image:width\" content=\"1086\" \/>\n\t<meta property=\"og:image:height\" content=\"1448\" \/>\n\t<meta property=\"og:image:type\" content=\"image\/png\" \/>\n<meta name=\"author\" content=\"Comunica\u00e7\u00e3o Arquidiocesano\" \/>\n<meta name=\"twitter:card\" content=\"summary_large_image\" \/>\n<meta name=\"twitter:title\" content=\"Celebra\u00e7\u00f5es Eucar\u00edsticas na Capela de Nossa Senhora do Bom Conselho - Col\u00e9gio Arquidiocesano de Ouro Preto\" \/>\n<meta name=\"twitter:description\" content=\"No dia 25 de mar\u00e7o, as turmas do 6\u00ba Ano do Ensino Fundamental \u2013 Anos Finais, acompanhadas por Professores(as) e Funcion\u00e1rios(as), participaram de uma Celebra\u00e7\u00e3o Eucar\u00edstica na Capela de Nossa Senhora do Bom Conselho.\" \/>\n<meta name=\"twitter:image\" content=\"https:\/\/arquidiocesano.com\/ouropreto\/wp-content\/uploads\/2026\/08\/xvc-3.png\" \/>\n<meta name=\"twitter:label1\" content=\"Escrito por\" \/>\n\t<meta name=\"twitter:data1\" content=\"Comunica\u00e7\u00e3o Arquidiocesano\" \/>\n\t<meta name=\"twitter:label2\" content=\"Est. tempo de leitura\" \/>\n\t<meta name=\"twitter:data2\" content=\"2 minutos\" \/>\n<script type=\"application\/ld+json\" class=\"yoast-schema-graph\">{\"@context\":\"https:\\\/\\\/schema.org\",\"@graph\":[{\"@type\":\"Article\",\"@id\":\"https:\\\/\\\/arquidiocesano.com\\\/ouropreto\\\/celebracoes-eucaristicas-na-capela-de-nossa-senhora-do-bom-conselho\\\/#article\",\"isPartOf\":{\"@id\":\"https:\\\/\\\/arquidiocesano.com\\\/ouropreto\\\/celebracoes-eucaristicas-na-capela-de-nossa-senhora-do-bom-conselho\\\/\"},\"author\":{\"name\":\"Comunica\u00e7\u00e3o Arquidiocesano\",\"@id\":\"https:\\\/\\\/arquidiocesano.com\\\/ouropreto\\\/#\\\/schema\\\/person\\\/1b1ca91cb08c42875704b787ea00e3d2\"},\"headline\":\"Celebra\u00e7\u00f5es Eucar\u00edsticas na Capela de Nossa Senhora do Bom Conselho\",\"datePublished\":\"2026-08-27T18:20:27+00:00\",\"dateModified\":\"2026-08-29T15:58:19+00:00\",\"mainEntityOfPage\":{\"@id\":\"https:\\\/\\\/arquidiocesano.com\\\/ouropreto\\\/celebracoes-eucaristicas-na-capela-de-nossa-senhora-do-bom-conselho\\\/\"},\"wordCount\":375,\"publisher\":{\"@id\":\"https:\\\/\\\/arquidiocesano.com\\\/ouropreto\\\/#organization\"},\"image\":{\"@id\":\"https:\\\/\\\/arquidiocesano.com\\\/ouropreto\\\/celebracoes-eucaristicas-na-capela-de-nossa-senhora-do-bom-conselho\\\/#primaryimage\"},\"thumbnailUrl\":\"https:\\\/\\\/arquidiocesano.com\\\/ouropreto\\\/wp-content\\\/uploads\\\/2026\\\/08\\\/xvc-3.png\",\"articleSection\":[\"Not\u00edcias\"],\"inLanguage\":\"pt-BR\"},{\"@type\":\"WebPage\",\"@id\":\"https:\\\/\\\/arquidiocesano.com\\\/ouropreto\\\/celebracoes-eucaristicas-na-capela-de-nossa-senhora-do-bom-conselho\\\/\",\"url\":\"https:\\\/\\\/arquidiocesano.com\\\/ouropreto\\\/celebracoes-eucaristicas-na-capela-de-nossa-senhora-do-bom-conselho\\\/\",\"name\":\"Celebra\u00e7\u00f5es Eucar\u00edsticas na Capela de Nossa Senhora do Bom Conselho - Col\u00e9gio Arquidiocesano de Ouro Preto\",\"isPartOf\":{\"@id\":\"https:\\\/\\\/arquidiocesano.com\\\/ouropreto\\\/#website\"},\"primaryImageOfPage\":{\"@id\":\"https:\\\/\\\/arquidiocesano.com\\\/ouropreto\\\/celebracoes-eucaristicas-na-capela-de-nossa-senhora-do-bom-conselho\\\/#primaryimage\"},\"image\":{\"@id\":\"https:\\\/\\\/arquidiocesano.com\\\/ouropreto\\\/celebracoes-eucaristicas-na-capela-de-nossa-senhora-do-bom-conselho\\\/#primaryimage\"},\"thumbnailUrl\":\"https:\\\/\\\/arquidiocesano.com\\\/ouropreto\\\/wp-content\\\/uploads\\\/2026\\\/08\\\/xvc-3.png\",\"datePublished\":\"2026-08-27T18:20:27+00:00\",\"dateModified\":\"2026-08-29T15:58:19+00:00\",\"description\":\"No dia 25 de mar\u00e7o, as turmas do 6\u00ba Ano do Ensino Fundamental \u2013 Anos Finais, acompanhadas por Professores(as) e Funcion\u00e1rios(as), participaram de uma Celebra\u00e7\u00e3o Eucar\u00edstica na Capela de Nossa Senhora do Bom Conselho.\",\"breadcrumb\":{\"@id\":\"https:\\\/\\\/arquidiocesano.com\\\/ouropreto\\\/celebracoes-eucaristicas-na-capela-de-nossa-senhora-do-bom-conselho\\\/#breadcrumb\"},\"inLanguage\":\"pt-BR\",\"potentialAction\":[{\"@type\":\"ReadAction\",\"target\":[\"https:\\\/\\\/arquidiocesano.com\\\/ouropreto\\\/celebracoes-eucaristicas-na-capela-de-nossa-senhora-do-bom-conselho\\\/\"]}]},{\"@type\":\"ImageObject\",\"inLanguage\":\"pt-BR\",\"@id\":\"https:\\\/\\\/arquidiocesano.com\\\/ouropreto\\\/celebracoes-eucaristicas-na-capela-de-nossa-senhora-do-bom-conselho\\\/#primaryimage\",\"url\":\"https:\\\/\\\/arquidiocesano.com\\\/ouropreto\\\/wp-content\\\/uploads\\\/2026\\\/08\\\/xvc-3.png\",\"contentUrl\":\"https:\\\/\\\/arquidiocesano.com\\\/ouropreto\\\/wp-content\\\/uploads\\\/2026\\\/08\\\/xvc-3.png\",\"width\":1086,\"height\":1448},{\"@type\":\"BreadcrumbList\",\"@id\":\"https:\\\/\\\/arquidiocesano.com\\\/ouropreto\\\/celebracoes-eucaristicas-na-capela-de-nossa-senhora-do-bom-conselho\\\/#breadcrumb\",\"itemListElement\":[{\"@type\":\"ListItem\",\"position\":1,\"name\":\"In\u00edcio\",\"item\":\"https:\\\/\\\/arquidiocesano.com\\\/ouropreto\\\/\"},{\"@type\":\"ListItem\",\"position\":2,\"name\":\"Not\u00edcias\",\"item\":\"https:\\\/\\\/arquidiocesano.com\\\/ouropreto\\\/categoria\\\/noticias\\\/\"},{\"@type\":\"ListItem\",\"position\":3,\"name\":\"Celebra\u00e7\u00f5es Eucar\u00edsticas na Capela de Nossa Senhora do Bom Conselho\"}]},{\"@type\":\"WebSite\",\"@id\":\"https:\\\/\\\/arquidiocesano.com\\\/ouropreto\\\/#website\",\"url\":\"https:\\\/\\\/arquidiocesano.com\\\/ouropreto\\\/\",\"name\":\"Col\u00e9gio Arquidiocesano de Ouro Preto\",\"description\":\"Excel\u00eancia em transformar vidas, com amor.\",\"publisher\":{\"@id\":\"https:\\\/\\\/arquidiocesano.com\\\/ouropreto\\\/#organization\"},\"potentialAction\":[{\"@type\":\"SearchAction\",\"target\":{\"@type\":\"EntryPoint\",\"urlTemplate\":\"https:\\\/\\\/arquidiocesano.com\\\/ouropreto\\\/?s={search_term_string}\"},\"query-input\":{\"@type\":\"PropertyValueSpecification\",\"valueRequired\":true,\"valueName\":\"search_term_string\"}}],\"inLanguage\":\"pt-BR\"},{\"@type\":\"Organization\",\"@id\":\"https:\\\/\\\/arquidiocesano.com\\\/ouropreto\\\/#organization\",\"name\":\"Col\u00e9gio Arquidiocesano de Ouro Preto\",\"url\":\"https:\\\/\\\/arquidiocesano.com\\\/ouropreto\\\/\",\"logo\":{\"@type\":\"ImageObject\",\"inLanguage\":\"pt-BR\",\"@id\":\"https:\\\/\\\/arquidiocesano.com\\\/ouropreto\\\/#\\\/schema\\\/logo\\\/image\\\/\",\"url\":\"https:\\\/\\\/arquidiocesano.com\\\/ouropreto\\\/wp-content\\\/uploads\\\/2026\\\/06\\\/caop-imagem-destacada-1024x1024-1.webp\",\"contentUrl\":\"https:\\\/\\\/arquidiocesano.com\\\/ouropreto\\\/wp-content\\\/uploads\\\/2026\\\/06\\\/caop-imagem-destacada-1024x1024-1.webp\",\"width\":1024,\"height\":1024,\"caption\":\"Col\u00e9gio Arquidiocesano de Ouro Preto\"},\"image\":{\"@id\":\"https:\\\/\\\/arquidiocesano.com\\\/ouropreto\\\/#\\\/schema\\\/logo\\\/image\\\/\"},\"sameAs\":[\"https:\\\/\\\/www.facebook.com\\\/caop.colegioarquidiocesanodeouropreto\",\"https:\\\/\\\/www.instagram.com\\\/colegioarquidiocesano\\\/\"]},{\"@type\":\"Person\",\"@id\":\"https:\\\/\\\/arquidiocesano.com\\\/ouropreto\\\/#\\\/schema\\\/person\\\/1b1ca91cb08c42875704b787ea00e3d2\",\"name\":\"Comunica\u00e7\u00e3o Arquidiocesano\",\"url\":\"https:\\\/\\\/arquidiocesano.com\\\/ouropreto\\\/author\\\/comunicacao\\\/\"}]}<\/script>\n<!-- \/ Yoast SEO plugin. -->","yoast_head_json":{"title":"Celebra\u00e7\u00f5es Eucar\u00edsticas na Capela de Nossa Senhora do Bom Conselho - Col\u00e9gio Arquidiocesano de Ouro Preto","description":"No dia 25 de mar\u00e7o, as turmas do 6\u00ba Ano do Ensino Fundamental \u2013 Anos Finais, acompanhadas por Professores(as) e Funcion\u00e1rios(as), participaram de uma Celebra\u00e7\u00e3o Eucar\u00edstica na Capela de Nossa Senhora do Bom Conselho.","robots":{"index":"index","follow":"follow","max-snippet":"max-snippet:-1","max-image-preview":"max-image-preview:large","max-video-preview":"max-video-preview:-1"},"canonical":"https:\/\/arquidiocesano.com\/ouropreto\/celebracoes-eucaristicas-na-capela-de-nossa-senhora-do-bom-conselho\/","og_locale":"pt_BR","og_type":"article","og_title":"Celebra\u00e7\u00f5es Eucar\u00edsticas na Capela de Nossa Senhora do Bom Conselho - Col\u00e9gio Arquidiocesano de Ouro Preto","og_description":"No dia 25 de mar\u00e7o, as turmas do 6\u00ba Ano do Ensino Fundamental \u2013 Anos Finais, acompanhadas por Professores(as) e Funcion\u00e1rios(as), participaram de uma Celebra\u00e7\u00e3o Eucar\u00edstica na Capela de Nossa Senhora do Bom Conselho.","og_url":"https:\/\/arquidiocesano.com\/ouropreto\/celebracoes-eucaristicas-na-capela-de-nossa-senhora-do-bom-conselho\/","og_site_name":"Col\u00e9gio Arquidiocesano de Ouro Preto","article_publisher":"https:\/\/www.facebook.com\/caop.colegioarquidiocesanodeouropreto","article_published_time":"2026-08-27T18:20:27+00:00","article_modified_time":"2026-08-29T15:58:19+00:00","og_image":[{"width":1086,"height":1448,"url":"https:\/\/arquidiocesano.com\/ouropreto\/wp-content\/uploads\/2026\/08\/xvc-3.png","type":"image\/png"}],"author":"Comunica\u00e7\u00e3o Arquidiocesano","twitter_card":"summary_large_image","twitter_title":"Celebra\u00e7\u00f5es Eucar\u00edsticas na Capela de Nossa Senhora do Bom Conselho - Col\u00e9gio Arquidiocesano de Ouro Preto","twitter_description":"No dia 25 de mar\u00e7o, as turmas do 6\u00ba Ano do Ensino Fundamental \u2013 Anos Finais, acompanhadas por Professores(as) e Funcion\u00e1rios(as), participaram de uma Celebra\u00e7\u00e3o Eucar\u00edstica na Capela de Nossa Senhora do Bom Conselho.","twitter_image":"https:\/\/arquidiocesano.com\/ouropreto\/wp-content\/uploads\/2026\/08\/xvc-3.png","twitter_misc":{"Escrito por":"Comunica\u00e7\u00e3o Arquidiocesano","Est. tempo de leitura":"2 minutos"},"schema":{"@context":"https:\/\/schema.org","@graph":[{"@type":"Article","@id":"https:\/\/arquidiocesano.com\/ouropreto\/celebracoes-eucaristicas-na-capela-de-nossa-senhora-do-bom-conselho\/#article","isPartOf":{"@id":"https:\/\/arquidiocesano.com\/ouropreto\/celebracoes-eucaristicas-na-capela-de-nossa-senhora-do-bom-conselho\/"},"author":{"name":"Comunica\u00e7\u00e3o Arquidiocesano","@id":"https:\/\/arquidiocesano.com\/ouropreto\/#\/schema\/person\/1b1ca91cb08c42875704b787ea00e3d2"},"headline":"Celebra\u00e7\u00f5es Eucar\u00edsticas na Capela de Nossa Senhora do Bom Conselho","datePublished":"2026-08-27T18:20:27+00:00","dateModified":"2026-08-29T15:58:19+00:00","mainEntityOfPage":{"@id":"https:\/\/arquidiocesano.com\/ouropreto\/celebracoes-eucaristicas-na-capela-de-nossa-senhora-do-bom-conselho\/"},"wordCount":375,"publisher":{"@id":"https:\/\/arquidiocesano.com\/ouropreto\/#organization"},"image":{"@id":"https:\/\/arquidiocesano.com\/ouropreto\/celebracoes-eucaristicas-na-capela-de-nossa-senhora-do-bom-conselho\/#primaryimage"},"thumbnailUrl":"https:\/\/arquidiocesano.com\/ouropreto\/wp-content\/uploads\/2026\/08\/xvc-3.png","articleSection":["Not\u00edcias"],"inLanguage":"pt-BR"},{"@type":"WebPage","@id":"https:\/\/arquidiocesano.com\/ouropreto\/celebracoes-eucaristicas-na-capela-de-nossa-senhora-do-bom-conselho\/","url":"https:\/\/arquidiocesano.com\/ouropreto\/celebracoes-eucaristicas-na-capela-de-nossa-senhora-do-bom-conselho\/","name":"Celebra\u00e7\u00f5es Eucar\u00edsticas na Capela de Nossa Senhora do Bom Conselho - Col\u00e9gio Arquidiocesano de Ouro Preto","isPartOf":{"@id":"https:\/\/arquidiocesano.com\/ouropreto\/#website"},"primaryImageOfPage":{"@id":"https:\/\/arquidiocesano.com\/ouropreto\/celebracoes-eucaristicas-na-capela-de-nossa-senhora-do-bom-conselho\/#primaryimage"},"image":{"@id":"https:\/\/arquidiocesano.com\/ouropreto\/celebracoes-eucaristicas-na-capela-de-nossa-senhora-do-bom-conselho\/#primaryimage"},"thumbnailUrl":"https:\/\/arquidiocesano.com\/ouropreto\/wp-content\/uploads\/2026\/08\/xvc-3.png","datePublished":"2026-08-27T18:20:27+00:00","dateModified":"2026-08-29T15:58:19+00:00","description":"No dia 25 de mar\u00e7o, as turmas do 6\u00ba Ano do Ensino Fundamental \u2013 Anos Finais, acompanhadas por Professores(as) e Funcion\u00e1rios(as), participaram de uma Celebra\u00e7\u00e3o Eucar\u00edstica na Capela de Nossa Senhora do Bom Conselho.","breadcrumb":{"@id":"https:\/\/arquidiocesano.com\/ouropreto\/celebracoes-eucaristicas-na-capela-de-nossa-senhora-do-bom-conselho\/#breadcrumb"},"inLanguage":"pt-BR","potentialAction":[{"@type":"ReadAction","target":["https:\/\/arquidiocesano.com\/ouropreto\/celebracoes-eucaristicas-na-capela-de-nossa-senhora-do-bom-conselho\/"]}]},{"@type":"ImageObject","inLanguage":"pt-BR","@id":"https:\/\/arquidiocesano.com\/ouropreto\/celebracoes-eucaristicas-na-capela-de-nossa-senhora-do-bom-conselho\/#primaryimage","url":"https:\/\/arquidiocesano.com\/ouropreto\/wp-content\/uploads\/2026\/08\/xvc-3.png","contentUrl":"https:\/\/arquidiocesano.com\/ouropreto\/wp-content\/uploads\/2026\/08\/xvc-3.png","width":1086,"height":1448},{"@type":"BreadcrumbList","@id":"https:\/\/arquidiocesano.com\/ouropreto\/celebracoes-eucaristicas-na-capela-de-nossa-senhora-do-bom-conselho\/#breadcrumb","itemListElement":[{"@type":"ListItem","position":1,"name":"In\u00edcio","item":"https:\/\/arquidiocesano.com\/ouropreto\/"},{"@type":"ListItem","position":2,"name":"Not\u00edcias","item":"https:\/\/arquidiocesano.com\/ouropreto\/categoria\/noticias\/"},{"@type":"ListItem","position":3,"name":"Celebra\u00e7\u00f5es Eucar\u00edsticas na Capela de Nossa Senhora do Bom Conselho"}]},{"@type":"WebSite","@id":"https:\/\/arquidiocesano.com\/ouropreto\/#website","url":"https:\/\/arquidiocesano.com\/ouropreto\/","name":"Col\u00e9gio Arquidiocesano de Ouro Preto","description":"Excel\u00eancia em transformar vidas, com amor.","publisher":{"@id":"https:\/\/arquidiocesano.com\/ouropreto\/#organization"},"potentialAction":[{"@type":"SearchAction","target":{"@type":"EntryPoint","urlTemplate":"https:\/\/arquidiocesano.com\/ouropreto\/?s={search_term_string}"},"query-input":{"@type":"PropertyValueSpecification","valueRequired":true,"valueName":"search_term_string"}}],"inLanguage":"pt-BR"},{"@type":"Organization","@id":"https:\/\/arquidiocesano.com\/ouropreto\/#organization","name":"Col\u00e9gio Arquidiocesano de Ouro Preto","url":"https:\/\/arquidiocesano.com\/ouropreto\/","logo":{"@type":"ImageObject","inLanguage":"pt-BR","@id":"https:\/\/arquidiocesano.com\/ouropreto\/#\/schema\/logo\/image\/","url":"https:\/\/arquidiocesano.com\/ouropreto\/wp-content\/uploads\/2026\/06\/caop-imagem-destacada-1024x1024-1.webp","contentUrl":"https:\/\/arquidiocesano.com\/ouropreto\/wp-content\/uploads\/2026\/06\/caop-imagem-destacada-1024x1024-1.webp","width":1024,"height":1024,"caption":"Col\u00e9gio Arquidiocesano de Ouro Preto"},"image":{"@id":"https:\/\/arquidiocesano.com\/ouropreto\/#\/schema\/logo\/image\/"},"sameAs":["https:\/\/www.facebook.com\/caop.colegioarquidiocesanodeouropreto","https:\/\/www.instagram.com\/colegioarquidiocesano\/"]},{"@type":"Person","@id":"https:\/\/arquidiocesano.com\/ouropreto\/#\/schema\/person\/1b1ca91cb08c42875704b787ea00e3d2","name":"Comunica\u00e7\u00e3o Arquidiocesano","url":"https:\/\/arquidiocesano.com\/ouropreto\/author\/comunicacao\/"}]}},"_links":{"self":[{"href":"https:\/\/arquidiocesano.com\/ouropreto\/wp-json\/wp\/v2\/posts\/35704","targetHints":{"allow":["GET"]}}],"collection":[{"href":"https:\/\/arquidiocesano.com\/ouropreto\/wp-json\/wp\/v2\/posts"}],"about":[{"href":"https:\/\/arquidiocesano.com\/ouropreto\/wp-json\/wp\/v2\/types\/post"}],"author":[{"embeddable":true,"href":"https:\/\/arquidiocesano.com\/ouropreto\/wp-json\/wp\/v2\/users\/3"}],"replies":[{"embeddable":true,"href":"https:\/\/arquidiocesano.com\/ouropreto\/wp-json\/wp\/v2\/comments?post=35704"}],"version-history":[{"count":3,"href":"https:\/\/arquidiocesano.com\/ouropreto\/wp-json\/wp\/v2\/posts\/35704\/revisions"}],"predecessor-version":[{"id":35713,"href":"https:\/\/arquidiocesano.com\/ouropreto\/wp-json\/wp\/v2\/posts\/35704\/revisions\/35713"}],"wp:featuredmedia":[{"embeddable":true,"href":"https:\/\/arquidiocesano.com\/ouropreto\/wp-json\/wp\/v2\/media\/35705"}],"wp:attachment":[{"href":"https:\/\/arquidiocesano.com\/ouropreto\/wp-json\/wp\/v2\/media?parent=35704"}],"wp:term":[{"taxonomy":"category","embeddable":true,"href":"https:\/\/arquidiocesano.com\/ouropreto\/wp-json\/wp\/v2\/categories?post=35704"},{"taxonomy":"post_tag","embeddable":true,"href":"https:\/\/arquidiocesano.com\/ouropreto\/wp-json\/wp\/v2\/tags?post=35704"}],"curies":[{"name":"wp","href":"https:\/\/api.w.org\/{rel}","templated":true}]}}