{"id":2920,"date":"2026-08-21T16:44:15","date_gmt":"2026-08-21T19:44:15","guid":{"rendered":"https:\/\/arquidiocesano.com\/ourobranco\/?p=2920"},"modified":"2026-08-21T16:44:15","modified_gmt":"2026-08-21T19:44:15","slug":"8a-edicao-do-festcaob-celebra-a-musica-e-o-talento-dos-estudantes","status":"publish","type":"post","link":"https:\/\/arquidiocesano.com\/ourobranco\/8a-edicao-do-festcaob-celebra-a-musica-e-o-talento-dos-estudantes\/","title":{"rendered":"8\u00aa edi\u00e7\u00e3o do FestCAOB celebra a m\u00fasica e o talento dos estudantes"},"content":{"rendered":"<p>No dia 11 de setembro, o Col\u00e9gio Arquidiocesano de Ouro Branco realizar\u00e1 a 8\u00aa edi\u00e7\u00e3o do FESTCAOB, consolidado como o maior festival de m\u00fasica estudantil da regi\u00e3o.<\/p>\n<p>O evento reunir\u00e1 estudantes do 6\u00ba ano ao 3\u00ba ano do Ensino M\u00e9dio em uma celebra\u00e7\u00e3o de talento, criatividade e express\u00e3o art\u00edstica. Sob os olhares atentos de uma equipe julgadora formada por integrantes, cujas trajet\u00f3rias est\u00e3o intimamente ligadas \u00e0 m\u00fasica, os alunos subir\u00e3o ao palco para apresentar seus trabalhos e conquistar o p\u00fablico.<\/p>\n<p>As apresenta\u00e7\u00f5es autorais ser\u00e3o avaliadas nas categorias Melhor Letra, Melhor Instrumentista e Melhor M\u00fasica. O festival tamb\u00e9m contar\u00e1 com a apresenta\u00e7\u00e3o de uma m\u00fasica cover, que ser\u00e1 utilizada para a escolha do Melhor Int\u00e9rprete.<\/p>\n<p><a href=\"https:\/\/arquidiocesano.com\/ourobranco\/wp-content\/uploads\/2026\/08\/FESTCAOB-2026-FICHA-DE-INSCRICAO.pdf\" target=\"_blank\" rel=\"noopener\"><strong>FICHA DE INSCRI\u00c7\u00c3O<\/strong><\/a> | <strong><a href=\"https:\/\/arquidiocesano.com\/ourobranco\/wp-content\/uploads\/2026\/08\/FESTCAOB-2026-REGULAMENTO.pdf\" target=\"_blank\" rel=\"noopener\">REGULAMENTO<\/a><\/strong><\/p>\n<p>Mais do que uma competi\u00e7\u00e3o, o FESTCAOB representa um importante momento de integra\u00e7\u00e3o entre escola, estudantes e fam\u00edlias. Ao longo de suas edi\u00e7\u00f5es, o festival tornou-se parte definitiva do calend\u00e1rio escolar e ganhou espa\u00e7o como uma das iniciativas que valorizam a arte e a participa\u00e7\u00e3o dos alunos na vida do Col\u00e9gio.<\/p>\n<p>A cada edi\u00e7\u00e3o, o palco do FESTCAOB revela novos talentos e proporciona aos estudantes a oportunidade de desenvolver habilidades, superar desafios e compartilhar com a comunidade escolar aquilo que t\u00eam de melhor: sua criatividade e paix\u00e3o pela m\u00fasica.<\/p>\n<p>Al\u00e9m das apresenta\u00e7\u00f5es musicais, o p\u00fablico poder\u00e1 aproveitar a tradicional barraca do Terceir\u00e3o, que estar\u00e1 preparada para receber alunos, familiares e convidados com o delicioso cachorro-quente.<\/p>\n<p>A expectativa \u00e9 de mais uma noite especial, marcada por m\u00fasica, emo\u00e7\u00e3o, torcida e, principalmente, pela valoriza\u00e7\u00e3o dos talentos do Col\u00e9gio Arquidiocesano de Ouro Branco.<\/p>\n","protected":false},"excerpt":{"rendered":"<p>No dia 11 de setembro, o Col\u00e9gio Arquidiocesano de Ouro Branco realizar\u00e1 a 8\u00aa edi\u00e7\u00e3o do FESTCAOB, consolidado como o maior festival de m\u00fasica estudantil da regi\u00e3o. O evento reunir\u00e1 estudantes do 6\u00ba ano ao 3\u00ba ano do Ensino M\u00e9dio em uma celebra\u00e7\u00e3o de talento, criatividade e express\u00e3o art\u00edstica. Sob os olhares atentos de uma [&hellip;]<\/p>\n","protected":false},"author":1,"featured_media":2921,"comment_status":"closed","ping_status":"closed","sticky":false,"template":"","format":"standard","meta":{"inline_featured_image":false,"footnotes":""},"categories":[1],"tags":[],"class_list":["post-2920","post","type-post","status-publish","format-standard","has-post-thumbnail","hentry","category-noticia"],"yoast_head":"<!-- This site is optimized with the Yoast SEO plugin v28.3 - https:\/\/yoast.com\/product\/yoast-seo-wordpress\/ -->\n<title>8\u00aa edi\u00e7\u00e3o do FestCAOB celebra a m\u00fasica e o talento dos estudantes - Col\u00e9gio Arquidiocesano de Ouro Branco<\/title>\n<meta name=\"description\" content=\"No dia 11 de setembro, o Col\u00e9gio Arquidiocesano de Ouro Branco realizar\u00e1 a 8\u00aa edi\u00e7\u00e3o do FESTCAOB, consolidado como o maior festival de m\u00fasica estudantil da regi\u00e3o.\" \/>\n<meta name=\"robots\" content=\"index, follow, max-snippet:-1, max-image-preview:large, max-video-preview:-1\" \/>\n<link rel=\"canonical\" href=\"https:\/\/arquidiocesano.com\/ourobranco\/8a-edicao-do-festcaob-celebra-a-musica-e-o-talento-dos-estudantes\/\" \/>\n<meta property=\"og:locale\" content=\"pt_BR\" \/>\n<meta property=\"og:type\" content=\"article\" \/>\n<meta property=\"og:title\" content=\"8\u00aa edi\u00e7\u00e3o do FestCAOB celebra a m\u00fasica e o talento dos estudantes - Col\u00e9gio Arquidiocesano de Ouro Branco\" \/>\n<meta property=\"og:description\" content=\"No dia 11 de setembro, o Col\u00e9gio Arquidiocesano de Ouro Branco realizar\u00e1 a 8\u00aa edi\u00e7\u00e3o do FESTCAOB, consolidado como o maior festival de m\u00fasica estudantil da regi\u00e3o.\" \/>\n<meta property=\"og:url\" content=\"https:\/\/arquidiocesano.com\/ourobranco\/8a-edicao-do-festcaob-celebra-a-musica-e-o-talento-dos-estudantes\/\" \/>\n<meta property=\"og:site_name\" content=\"Col\u00e9gio Arquidiocesano de Ouro Branco\" \/>\n<meta property=\"article:publisher\" content=\"https:\/\/www.facebook.com\/CAOB2016\" \/>\n<meta property=\"article:published_time\" content=\"2026-08-21T19:44:15+00:00\" \/>\n<meta property=\"og:image\" content=\"https:\/\/arquidiocesano.com\/ourobranco\/wp-content\/uploads\/2026\/08\/WhatsApp-Image-2026-08-21-at-15.18.24.webp\" \/>\n\t<meta property=\"og:image:width\" content=\"1024\" \/>\n\t<meta property=\"og:image:height\" content=\"1536\" \/>\n\t<meta property=\"og:image:type\" content=\"image\/webp\" \/>\n<meta name=\"author\" content=\"AdministradorCAOB\" \/>\n<meta name=\"twitter:card\" content=\"summary_large_image\" \/>\n<meta name=\"twitter:title\" content=\"8\u00aa edi\u00e7\u00e3o do FestCAOB celebra a m\u00fasica e o talento dos estudantes - Col\u00e9gio Arquidiocesano de Ouro Branco\" \/>\n<meta name=\"twitter:description\" content=\"No dia 11 de setembro, o Col\u00e9gio Arquidiocesano de Ouro Branco realizar\u00e1 a 8\u00aa edi\u00e7\u00e3o do FESTCAOB, consolidado como o maior festival de m\u00fasica estudantil da regi\u00e3o.\" \/>\n<meta name=\"twitter:image\" content=\"https:\/\/arquidiocesano.com\/ourobranco\/wp-content\/uploads\/2026\/08\/WhatsApp-Image-2026-08-21-at-15.18.24.webp\" \/>\n<meta name=\"twitter:label1\" content=\"Escrito por\" \/>\n\t<meta name=\"twitter:data1\" content=\"AdministradorCAOB\" \/>\n\t<meta name=\"twitter:label2\" content=\"Est. tempo de leitura\" \/>\n\t<meta name=\"twitter:data2\" content=\"2 minutos\" \/>\n<script type=\"application\/ld+json\" class=\"yoast-schema-graph\">{\"@context\":\"https:\\\/\\\/schema.org\",\"@graph\":[{\"@type\":\"Article\",\"@id\":\"https:\\\/\\\/arquidiocesano.com\\\/ourobranco\\\/8a-edicao-do-festcaob-celebra-a-musica-e-o-talento-dos-estudantes\\\/#article\",\"isPartOf\":{\"@id\":\"https:\\\/\\\/arquidiocesano.com\\\/ourobranco\\\/8a-edicao-do-festcaob-celebra-a-musica-e-o-talento-dos-estudantes\\\/\"},\"author\":{\"name\":\"AdministradorCAOB\",\"@id\":\"https:\\\/\\\/arquidiocesano.com\\\/ourobranco\\\/#\\\/schema\\\/person\\\/4f1c8579d9a2ffad06c6212d7960db7c\"},\"headline\":\"8\u00aa edi\u00e7\u00e3o do FestCAOB celebra a m\u00fasica e o talento dos estudantes\",\"datePublished\":\"2026-08-21T19:44:15+00:00\",\"mainEntityOfPage\":{\"@id\":\"https:\\\/\\\/arquidiocesano.com\\\/ourobranco\\\/8a-edicao-do-festcaob-celebra-a-musica-e-o-talento-dos-estudantes\\\/\"},\"wordCount\":306,\"publisher\":{\"@id\":\"https:\\\/\\\/arquidiocesano.com\\\/ourobranco\\\/#organization\"},\"image\":{\"@id\":\"https:\\\/\\\/arquidiocesano.com\\\/ourobranco\\\/8a-edicao-do-festcaob-celebra-a-musica-e-o-talento-dos-estudantes\\\/#primaryimage\"},\"thumbnailUrl\":\"https:\\\/\\\/arquidiocesano.com\\\/ourobranco\\\/wp-content\\\/uploads\\\/2026\\\/08\\\/WhatsApp-Image-2026-08-21-at-15.18.24.webp\",\"articleSection\":[\"Not\u00edcia\"],\"inLanguage\":\"pt-BR\"},{\"@type\":\"WebPage\",\"@id\":\"https:\\\/\\\/arquidiocesano.com\\\/ourobranco\\\/8a-edicao-do-festcaob-celebra-a-musica-e-o-talento-dos-estudantes\\\/\",\"url\":\"https:\\\/\\\/arquidiocesano.com\\\/ourobranco\\\/8a-edicao-do-festcaob-celebra-a-musica-e-o-talento-dos-estudantes\\\/\",\"name\":\"8\u00aa edi\u00e7\u00e3o do FestCAOB celebra a m\u00fasica e o talento dos estudantes - Col\u00e9gio Arquidiocesano de Ouro Branco\",\"isPartOf\":{\"@id\":\"https:\\\/\\\/arquidiocesano.com\\\/ourobranco\\\/#website\"},\"primaryImageOfPage\":{\"@id\":\"https:\\\/\\\/arquidiocesano.com\\\/ourobranco\\\/8a-edicao-do-festcaob-celebra-a-musica-e-o-talento-dos-estudantes\\\/#primaryimage\"},\"image\":{\"@id\":\"https:\\\/\\\/arquidiocesano.com\\\/ourobranco\\\/8a-edicao-do-festcaob-celebra-a-musica-e-o-talento-dos-estudantes\\\/#primaryimage\"},\"thumbnailUrl\":\"https:\\\/\\\/arquidiocesano.com\\\/ourobranco\\\/wp-content\\\/uploads\\\/2026\\\/08\\\/WhatsApp-Image-2026-08-21-at-15.18.24.webp\",\"datePublished\":\"2026-08-21T19:44:15+00:00\",\"description\":\"No dia 11 de setembro, o Col\u00e9gio Arquidiocesano de Ouro Branco realizar\u00e1 a 8\u00aa edi\u00e7\u00e3o do FESTCAOB, consolidado como o maior festival de m\u00fasica estudantil da regi\u00e3o.\",\"breadcrumb\":{\"@id\":\"https:\\\/\\\/arquidiocesano.com\\\/ourobranco\\\/8a-edicao-do-festcaob-celebra-a-musica-e-o-talento-dos-estudantes\\\/#breadcrumb\"},\"inLanguage\":\"pt-BR\",\"potentialAction\":[{\"@type\":\"ReadAction\",\"target\":[\"https:\\\/\\\/arquidiocesano.com\\\/ourobranco\\\/8a-edicao-do-festcaob-celebra-a-musica-e-o-talento-dos-estudantes\\\/\"]}]},{\"@type\":\"ImageObject\",\"inLanguage\":\"pt-BR\",\"@id\":\"https:\\\/\\\/arquidiocesano.com\\\/ourobranco\\\/8a-edicao-do-festcaob-celebra-a-musica-e-o-talento-dos-estudantes\\\/#primaryimage\",\"url\":\"https:\\\/\\\/arquidiocesano.com\\\/ourobranco\\\/wp-content\\\/uploads\\\/2026\\\/08\\\/WhatsApp-Image-2026-08-21-at-15.18.24.webp\",\"contentUrl\":\"https:\\\/\\\/arquidiocesano.com\\\/ourobranco\\\/wp-content\\\/uploads\\\/2026\\\/08\\\/WhatsApp-Image-2026-08-21-at-15.18.24.webp\",\"width\":1024,\"height\":1536,\"caption\":\"8\u00aa edi\u00e7\u00e3o do FestCAOB celebra a m\u00fasica e o talento dos estudantes\"},{\"@type\":\"BreadcrumbList\",\"@id\":\"https:\\\/\\\/arquidiocesano.com\\\/ourobranco\\\/8a-edicao-do-festcaob-celebra-a-musica-e-o-talento-dos-estudantes\\\/#breadcrumb\",\"itemListElement\":[{\"@type\":\"ListItem\",\"position\":1,\"name\":\"In\u00edcio\",\"item\":\"https:\\\/\\\/arquidiocesano.com\\\/ourobranco\\\/\"},{\"@type\":\"ListItem\",\"position\":2,\"name\":\"Not\u00edcia\",\"item\":\"https:\\\/\\\/arquidiocesano.com\\\/ourobranco\\\/category\\\/noticia\\\/\"},{\"@type\":\"ListItem\",\"position\":3,\"name\":\"8\u00aa edi\u00e7\u00e3o do FestCAOB celebra a m\u00fasica e o talento dos estudantes\"}]},{\"@type\":\"WebSite\",\"@id\":\"https:\\\/\\\/arquidiocesano.com\\\/ourobranco\\\/#website\",\"url\":\"https:\\\/\\\/arquidiocesano.com\\\/ourobranco\\\/\",\"name\":\"CAOB\",\"description\":\"Excel\u00eancia em transformar vidas, com amor.\",\"publisher\":{\"@id\":\"https:\\\/\\\/arquidiocesano.com\\\/ourobranco\\\/#organization\"},\"potentialAction\":[{\"@type\":\"SearchAction\",\"target\":{\"@type\":\"EntryPoint\",\"urlTemplate\":\"https:\\\/\\\/arquidiocesano.com\\\/ourobranco\\\/?s={search_term_string}\"},\"query-input\":{\"@type\":\"PropertyValueSpecification\",\"valueRequired\":true,\"valueName\":\"search_term_string\"}}],\"inLanguage\":\"pt-BR\"},{\"@type\":\"Organization\",\"@id\":\"https:\\\/\\\/arquidiocesano.com\\\/ourobranco\\\/#organization\",\"name\":\"Col\u00e9gio Arquidiocesano de Ouro Branco\",\"url\":\"https:\\\/\\\/arquidiocesano.com\\\/ourobranco\\\/\",\"logo\":{\"@type\":\"ImageObject\",\"inLanguage\":\"pt-BR\",\"@id\":\"https:\\\/\\\/arquidiocesano.com\\\/ourobranco\\\/#\\\/schema\\\/logo\\\/image\\\/\",\"url\":\"https:\\\/\\\/arquidiocesano.com\\\/ourobranco\\\/wp-content\\\/uploads\\\/2026\\\/04\\\/caob-imagem-destacada.png\",\"contentUrl\":\"https:\\\/\\\/arquidiocesano.com\\\/ourobranco\\\/wp-content\\\/uploads\\\/2026\\\/04\\\/caob-imagem-destacada.png\",\"width\":1200,\"height\":1200,\"caption\":\"Col\u00e9gio Arquidiocesano de Ouro Branco\"},\"image\":{\"@id\":\"https:\\\/\\\/arquidiocesano.com\\\/ourobranco\\\/#\\\/schema\\\/logo\\\/image\\\/\"},\"sameAs\":[\"https:\\\/\\\/www.facebook.com\\\/CAOB2016\",\"https:\\\/\\\/www.instagram.com\\\/caobourobranco\\\/\"]},{\"@type\":\"Person\",\"@id\":\"https:\\\/\\\/arquidiocesano.com\\\/ourobranco\\\/#\\\/schema\\\/person\\\/4f1c8579d9a2ffad06c6212d7960db7c\",\"name\":\"AdministradorCAOB\",\"image\":{\"@type\":\"ImageObject\",\"inLanguage\":\"pt-BR\",\"@id\":\"https:\\\/\\\/secure.gravatar.com\\\/avatar\\\/bcd2205a0e1f8cba17567edd6be616673cf2513688e954cc22d0ad71e1368a77?s=96&d=mm&r=g\",\"url\":\"https:\\\/\\\/secure.gravatar.com\\\/avatar\\\/bcd2205a0e1f8cba17567edd6be616673cf2513688e954cc22d0ad71e1368a77?s=96&d=mm&r=g\",\"contentUrl\":\"https:\\\/\\\/secure.gravatar.com\\\/avatar\\\/bcd2205a0e1f8cba17567edd6be616673cf2513688e954cc22d0ad71e1368a77?s=96&d=mm&r=g\",\"caption\":\"AdministradorCAOB\"},\"sameAs\":[\"https:\\\/\\\/arquidiocesano.com\\\/ourobranco\"],\"url\":\"https:\\\/\\\/arquidiocesano.com\\\/ourobranco\\\/author\\\/administradorcaob\\\/\"}]}<\/script>\n<!-- \/ Yoast SEO plugin. -->","yoast_head_json":{"title":"8\u00aa edi\u00e7\u00e3o do FestCAOB celebra a m\u00fasica e o talento dos estudantes - Col\u00e9gio Arquidiocesano de Ouro Branco","description":"No dia 11 de setembro, o Col\u00e9gio Arquidiocesano de Ouro Branco realizar\u00e1 a 8\u00aa edi\u00e7\u00e3o do FESTCAOB, consolidado como o maior festival de m\u00fasica estudantil da regi\u00e3o.","robots":{"index":"index","follow":"follow","max-snippet":"max-snippet:-1","max-image-preview":"max-image-preview:large","max-video-preview":"max-video-preview:-1"},"canonical":"https:\/\/arquidiocesano.com\/ourobranco\/8a-edicao-do-festcaob-celebra-a-musica-e-o-talento-dos-estudantes\/","og_locale":"pt_BR","og_type":"article","og_title":"8\u00aa edi\u00e7\u00e3o do FestCAOB celebra a m\u00fasica e o talento dos estudantes - Col\u00e9gio Arquidiocesano de Ouro Branco","og_description":"No dia 11 de setembro, o Col\u00e9gio Arquidiocesano de Ouro Branco realizar\u00e1 a 8\u00aa edi\u00e7\u00e3o do FESTCAOB, consolidado como o maior festival de m\u00fasica estudantil da regi\u00e3o.","og_url":"https:\/\/arquidiocesano.com\/ourobranco\/8a-edicao-do-festcaob-celebra-a-musica-e-o-talento-dos-estudantes\/","og_site_name":"Col\u00e9gio Arquidiocesano de Ouro Branco","article_publisher":"https:\/\/www.facebook.com\/CAOB2016","article_published_time":"2026-08-21T19:44:15+00:00","og_image":[{"width":1024,"height":1536,"url":"https:\/\/arquidiocesano.com\/ourobranco\/wp-content\/uploads\/2026\/08\/WhatsApp-Image-2026-08-21-at-15.18.24.webp","type":"image\/webp"}],"author":"AdministradorCAOB","twitter_card":"summary_large_image","twitter_title":"8\u00aa edi\u00e7\u00e3o do FestCAOB celebra a m\u00fasica e o talento dos estudantes - Col\u00e9gio Arquidiocesano de Ouro Branco","twitter_description":"No dia 11 de setembro, o Col\u00e9gio Arquidiocesano de Ouro Branco realizar\u00e1 a 8\u00aa edi\u00e7\u00e3o do FESTCAOB, consolidado como o maior festival de m\u00fasica estudantil da regi\u00e3o.","twitter_image":"https:\/\/arquidiocesano.com\/ourobranco\/wp-content\/uploads\/2026\/08\/WhatsApp-Image-2026-08-21-at-15.18.24.webp","twitter_misc":{"Escrito por":"AdministradorCAOB","Est. tempo de leitura":"2 minutos"},"schema":{"@context":"https:\/\/schema.org","@graph":[{"@type":"Article","@id":"https:\/\/arquidiocesano.com\/ourobranco\/8a-edicao-do-festcaob-celebra-a-musica-e-o-talento-dos-estudantes\/#article","isPartOf":{"@id":"https:\/\/arquidiocesano.com\/ourobranco\/8a-edicao-do-festcaob-celebra-a-musica-e-o-talento-dos-estudantes\/"},"author":{"name":"AdministradorCAOB","@id":"https:\/\/arquidiocesano.com\/ourobranco\/#\/schema\/person\/4f1c8579d9a2ffad06c6212d7960db7c"},"headline":"8\u00aa edi\u00e7\u00e3o do FestCAOB celebra a m\u00fasica e o talento dos estudantes","datePublished":"2026-08-21T19:44:15+00:00","mainEntityOfPage":{"@id":"https:\/\/arquidiocesano.com\/ourobranco\/8a-edicao-do-festcaob-celebra-a-musica-e-o-talento-dos-estudantes\/"},"wordCount":306,"publisher":{"@id":"https:\/\/arquidiocesano.com\/ourobranco\/#organization"},"image":{"@id":"https:\/\/arquidiocesano.com\/ourobranco\/8a-edicao-do-festcaob-celebra-a-musica-e-o-talento-dos-estudantes\/#primaryimage"},"thumbnailUrl":"https:\/\/arquidiocesano.com\/ourobranco\/wp-content\/uploads\/2026\/08\/WhatsApp-Image-2026-08-21-at-15.18.24.webp","articleSection":["Not\u00edcia"],"inLanguage":"pt-BR"},{"@type":"WebPage","@id":"https:\/\/arquidiocesano.com\/ourobranco\/8a-edicao-do-festcaob-celebra-a-musica-e-o-talento-dos-estudantes\/","url":"https:\/\/arquidiocesano.com\/ourobranco\/8a-edicao-do-festcaob-celebra-a-musica-e-o-talento-dos-estudantes\/","name":"8\u00aa edi\u00e7\u00e3o do FestCAOB celebra a m\u00fasica e o talento dos estudantes - Col\u00e9gio Arquidiocesano de Ouro Branco","isPartOf":{"@id":"https:\/\/arquidiocesano.com\/ourobranco\/#website"},"primaryImageOfPage":{"@id":"https:\/\/arquidiocesano.com\/ourobranco\/8a-edicao-do-festcaob-celebra-a-musica-e-o-talento-dos-estudantes\/#primaryimage"},"image":{"@id":"https:\/\/arquidiocesano.com\/ourobranco\/8a-edicao-do-festcaob-celebra-a-musica-e-o-talento-dos-estudantes\/#primaryimage"},"thumbnailUrl":"https:\/\/arquidiocesano.com\/ourobranco\/wp-content\/uploads\/2026\/08\/WhatsApp-Image-2026-08-21-at-15.18.24.webp","datePublished":"2026-08-21T19:44:15+00:00","description":"No dia 11 de setembro, o Col\u00e9gio Arquidiocesano de Ouro Branco realizar\u00e1 a 8\u00aa edi\u00e7\u00e3o do FESTCAOB, consolidado como o maior festival de m\u00fasica estudantil da regi\u00e3o.","breadcrumb":{"@id":"https:\/\/arquidiocesano.com\/ourobranco\/8a-edicao-do-festcaob-celebra-a-musica-e-o-talento-dos-estudantes\/#breadcrumb"},"inLanguage":"pt-BR","potentialAction":[{"@type":"ReadAction","target":["https:\/\/arquidiocesano.com\/ourobranco\/8a-edicao-do-festcaob-celebra-a-musica-e-o-talento-dos-estudantes\/"]}]},{"@type":"ImageObject","inLanguage":"pt-BR","@id":"https:\/\/arquidiocesano.com\/ourobranco\/8a-edicao-do-festcaob-celebra-a-musica-e-o-talento-dos-estudantes\/#primaryimage","url":"https:\/\/arquidiocesano.com\/ourobranco\/wp-content\/uploads\/2026\/08\/WhatsApp-Image-2026-08-21-at-15.18.24.webp","contentUrl":"https:\/\/arquidiocesano.com\/ourobranco\/wp-content\/uploads\/2026\/08\/WhatsApp-Image-2026-08-21-at-15.18.24.webp","width":1024,"height":1536,"caption":"8\u00aa edi\u00e7\u00e3o do FestCAOB celebra a m\u00fasica e o talento dos estudantes"},{"@type":"BreadcrumbList","@id":"https:\/\/arquidiocesano.com\/ourobranco\/8a-edicao-do-festcaob-celebra-a-musica-e-o-talento-dos-estudantes\/#breadcrumb","itemListElement":[{"@type":"ListItem","position":1,"name":"In\u00edcio","item":"https:\/\/arquidiocesano.com\/ourobranco\/"},{"@type":"ListItem","position":2,"name":"Not\u00edcia","item":"https:\/\/arquidiocesano.com\/ourobranco\/category\/noticia\/"},{"@type":"ListItem","position":3,"name":"8\u00aa edi\u00e7\u00e3o do FestCAOB celebra a m\u00fasica e o talento dos estudantes"}]},{"@type":"WebSite","@id":"https:\/\/arquidiocesano.com\/ourobranco\/#website","url":"https:\/\/arquidiocesano.com\/ourobranco\/","name":"CAOB","description":"Excel\u00eancia em transformar vidas, com amor.","publisher":{"@id":"https:\/\/arquidiocesano.com\/ourobranco\/#organization"},"potentialAction":[{"@type":"SearchAction","target":{"@type":"EntryPoint","urlTemplate":"https:\/\/arquidiocesano.com\/ourobranco\/?s={search_term_string}"},"query-input":{"@type":"PropertyValueSpecification","valueRequired":true,"valueName":"search_term_string"}}],"inLanguage":"pt-BR"},{"@type":"Organization","@id":"https:\/\/arquidiocesano.com\/ourobranco\/#organization","name":"Col\u00e9gio Arquidiocesano de Ouro Branco","url":"https:\/\/arquidiocesano.com\/ourobranco\/","logo":{"@type":"ImageObject","inLanguage":"pt-BR","@id":"https:\/\/arquidiocesano.com\/ourobranco\/#\/schema\/logo\/image\/","url":"https:\/\/arquidiocesano.com\/ourobranco\/wp-content\/uploads\/2026\/04\/caob-imagem-destacada.png","contentUrl":"https:\/\/arquidiocesano.com\/ourobranco\/wp-content\/uploads\/2026\/04\/caob-imagem-destacada.png","width":1200,"height":1200,"caption":"Col\u00e9gio Arquidiocesano de Ouro Branco"},"image":{"@id":"https:\/\/arquidiocesano.com\/ourobranco\/#\/schema\/logo\/image\/"},"sameAs":["https:\/\/www.facebook.com\/CAOB2016","https:\/\/www.instagram.com\/caobourobranco\/"]},{"@type":"Person","@id":"https:\/\/arquidiocesano.com\/ourobranco\/#\/schema\/person\/4f1c8579d9a2ffad06c6212d7960db7c","name":"AdministradorCAOB","image":{"@type":"ImageObject","inLanguage":"pt-BR","@id":"https:\/\/secure.gravatar.com\/avatar\/bcd2205a0e1f8cba17567edd6be616673cf2513688e954cc22d0ad71e1368a77?s=96&d=mm&r=g","url":"https:\/\/secure.gravatar.com\/avatar\/bcd2205a0e1f8cba17567edd6be616673cf2513688e954cc22d0ad71e1368a77?s=96&d=mm&r=g","contentUrl":"https:\/\/secure.gravatar.com\/avatar\/bcd2205a0e1f8cba17567edd6be616673cf2513688e954cc22d0ad71e1368a77?s=96&d=mm&r=g","caption":"AdministradorCAOB"},"sameAs":["https:\/\/arquidiocesano.com\/ourobranco"],"url":"https:\/\/arquidiocesano.com\/ourobranco\/author\/administradorcaob\/"}]}},"_links":{"self":[{"href":"https:\/\/arquidiocesano.com\/ourobranco\/wp-json\/wp\/v2\/posts\/2920","targetHints":{"allow":["GET"]}}],"collection":[{"href":"https:\/\/arquidiocesano.com\/ourobranco\/wp-json\/wp\/v2\/posts"}],"about":[{"href":"https:\/\/arquidiocesano.com\/ourobranco\/wp-json\/wp\/v2\/types\/post"}],"author":[{"embeddable":true,"href":"https:\/\/arquidiocesano.com\/ourobranco\/wp-json\/wp\/v2\/users\/1"}],"replies":[{"embeddable":true,"href":"https:\/\/arquidiocesano.com\/ourobranco\/wp-json\/wp\/v2\/comments?post=2920"}],"version-history":[{"count":1,"href":"https:\/\/arquidiocesano.com\/ourobranco\/wp-json\/wp\/v2\/posts\/2920\/revisions"}],"predecessor-version":[{"id":2924,"href":"https:\/\/arquidiocesano.com\/ourobranco\/wp-json\/wp\/v2\/posts\/2920\/revisions\/2924"}],"wp:featuredmedia":[{"embeddable":true,"href":"https:\/\/arquidiocesano.com\/ourobranco\/wp-json\/wp\/v2\/media\/2921"}],"wp:attachment":[{"href":"https:\/\/arquidiocesano.com\/ourobranco\/wp-json\/wp\/v2\/media?parent=2920"}],"wp:term":[{"taxonomy":"category","embeddable":true,"href":"https:\/\/arquidiocesano.com\/ourobranco\/wp-json\/wp\/v2\/categories?post=2920"},{"taxonomy":"post_tag","embeddable":true,"href":"https:\/\/arquidiocesano.com\/ourobranco\/wp-json\/wp\/v2\/tags?post=2920"}],"curies":[{"name":"wp","href":"https:\/\/api.w.org\/{rel}","templated":true}]}}