{"id":1141,"date":"2026-04-08T20:12:37","date_gmt":"2026-04-08T23:12:37","guid":{"rendered":"https:\/\/arquidiocesano.com\/ourobranco\/?p=1141"},"modified":"2026-04-08T20:12:37","modified_gmt":"2026-04-08T23:12:37","slug":"alunos-do-caob-recebem-a-visita-do-mestre-artesao-precursor-da-ceramica-saramenha-2","status":"publish","type":"post","link":"https:\/\/arquidiocesano.com\/ourobranco\/alunos-do-caob-recebem-a-visita-do-mestre-artesao-precursor-da-ceramica-saramenha-2\/","title":{"rendered":"Alunos do CAOB recebem a visita do mestre artes\u00e3o, precursor da Cer\u00e2mica Saramenha"},"content":{"rendered":"<p>Na manh\u00e3 de sexta-feira, 24\/03\/23, os alunos da 1\u00aa s\u00e9rie do Ensino M\u00e9dio participaram de uma aula pr\u00e1tica de Arte com o mestre artes\u00e3o Leonardo Ricart, disc\u00edpulo de mestre Bitinho, o precursor da cer\u00e2mica Saramenha.<\/p>\n<p>Os alunos tiveram a oportunidade de aprender sobre o projeto da Cer\u00e2mica Saramenha e a sua hist\u00f3ria.<\/p>\n<p>O projeto foi desenvolvido pelas professoras Adriany e K\u00e1tia envolvendo as disciplinas de Qu\u00edmica e Arte. Al\u00e9m de aprender as t\u00e9cnicas e a import\u00e2ncia hist\u00f3rica, art\u00edstica e patrimonial da Saramenha, aliados aos conhecimentos qu\u00edmicos no processo da mat\u00e9ria-prima da cer\u00e2mica.<\/p>\n<p>&nbsp;<\/p>\n<div id='gallery-1' class='gallery galleryid-1141 gallery-columns-4 gallery-size-large'><figure class='gallery-item'>\n\t\t\t<div class='gallery-icon portrait'>\n\t\t\t\t<a href='https:\/\/arquidiocesano.com\/ourobranco\/wp-content\/uploads\/2023\/03\/IMG-20230327-WA0006-1.jpg'><img fetchpriority=\"high\" decoding=\"async\" width=\"576\" height=\"1024\" src=\"https:\/\/arquidiocesano.com\/ourobranco\/wp-content\/uploads\/2023\/03\/IMG-20230327-WA0006-1-576x1024.jpg\" class=\"attachment-large size-large\" alt=\"\" srcset=\"https:\/\/arquidiocesano.com\/ourobranco\/wp-content\/uploads\/2023\/03\/IMG-20230327-WA0006-1-576x1024.jpg 576w, https:\/\/arquidiocesano.com\/ourobranco\/wp-content\/uploads\/2023\/03\/IMG-20230327-WA0006-1-169x300.jpg 169w, https:\/\/arquidiocesano.com\/ourobranco\/wp-content\/uploads\/2023\/03\/IMG-20230327-WA0006-1-768x1365.jpg 768w, https:\/\/arquidiocesano.com\/ourobranco\/wp-content\/uploads\/2023\/03\/IMG-20230327-WA0006-1-864x1536.jpg 864w, https:\/\/arquidiocesano.com\/ourobranco\/wp-content\/uploads\/2023\/03\/IMG-20230327-WA0006-1.jpg 900w\" sizes=\"(max-width: 576px) 100vw, 576px\" \/><\/a>\n\t\t\t<\/div><\/figure><figure class='gallery-item'>\n\t\t\t<div class='gallery-icon landscape'>\n\t\t\t\t<a href='https:\/\/arquidiocesano.com\/ourobranco\/wp-content\/uploads\/2023\/03\/IMG-20230327-WA0012-1.jpg'><img decoding=\"async\" width=\"720\" height=\"720\" src=\"https:\/\/arquidiocesano.com\/ourobranco\/wp-content\/uploads\/2023\/03\/IMG-20230327-WA0012-1.jpg\" class=\"attachment-large size-large\" alt=\"\" srcset=\"https:\/\/arquidiocesano.com\/ourobranco\/wp-content\/uploads\/2023\/03\/IMG-20230327-WA0012-1.jpg 720w, https:\/\/arquidiocesano.com\/ourobranco\/wp-content\/uploads\/2023\/03\/IMG-20230327-WA0012-1-300x300.jpg 300w, https:\/\/arquidiocesano.com\/ourobranco\/wp-content\/uploads\/2023\/03\/IMG-20230327-WA0012-1-150x150.jpg 150w\" sizes=\"(max-width: 720px) 100vw, 720px\" \/><\/a>\n\t\t\t<\/div><\/figure><figure class='gallery-item'>\n\t\t\t<div class='gallery-icon portrait'>\n\t\t\t\t<a href='https:\/\/arquidiocesano.com\/ourobranco\/wp-content\/uploads\/2023\/03\/IMG-20230327-WA0003.jpg'><img decoding=\"async\" width=\"768\" height=\"1024\" src=\"https:\/\/arquidiocesano.com\/ourobranco\/wp-content\/uploads\/2023\/03\/IMG-20230327-WA0003-768x1024.jpg\" class=\"attachment-large size-large\" alt=\"\" srcset=\"https:\/\/arquidiocesano.com\/ourobranco\/wp-content\/uploads\/2023\/03\/IMG-20230327-WA0003-768x1024.jpg 768w, https:\/\/arquidiocesano.com\/ourobranco\/wp-content\/uploads\/2023\/03\/IMG-20230327-WA0003-225x300.jpg 225w, https:\/\/arquidiocesano.com\/ourobranco\/wp-content\/uploads\/2023\/03\/IMG-20230327-WA0003-1152x1536.jpg 1152w, https:\/\/arquidiocesano.com\/ourobranco\/wp-content\/uploads\/2023\/03\/IMG-20230327-WA0003.jpg 1200w\" sizes=\"(max-width: 768px) 100vw, 768px\" \/><\/a>\n\t\t\t<\/div><\/figure><figure class='gallery-item'>\n\t\t\t<div class='gallery-icon portrait'>\n\t\t\t\t<a href='https:\/\/arquidiocesano.com\/ourobranco\/wp-content\/uploads\/2023\/03\/IMG-20230327-WA0005-1.jpg'><img loading=\"lazy\" decoding=\"async\" width=\"789\" height=\"853\" src=\"https:\/\/arquidiocesano.com\/ourobranco\/wp-content\/uploads\/2023\/03\/IMG-20230327-WA0005-1.jpg\" class=\"attachment-large size-large\" alt=\"\" srcset=\"https:\/\/arquidiocesano.com\/ourobranco\/wp-content\/uploads\/2023\/03\/IMG-20230327-WA0005-1.jpg 789w, https:\/\/arquidiocesano.com\/ourobranco\/wp-content\/uploads\/2023\/03\/IMG-20230327-WA0005-1-277x300.jpg 277w, https:\/\/arquidiocesano.com\/ourobranco\/wp-content\/uploads\/2023\/03\/IMG-20230327-WA0005-1-768x830.jpg 768w\" sizes=\"(max-width: 789px) 100vw, 789px\" \/><\/a>\n\t\t\t<\/div><\/figure><figure class='gallery-item'>\n\t\t\t<div class='gallery-icon landscape'>\n\t\t\t\t<a href='https:\/\/arquidiocesano.com\/ourobranco\/wp-content\/uploads\/2023\/03\/IMG-20230327-WA0002.jpg'><img loading=\"lazy\" decoding=\"async\" width=\"720\" height=\"720\" src=\"https:\/\/arquidiocesano.com\/ourobranco\/wp-content\/uploads\/2023\/03\/IMG-20230327-WA0002.jpg\" class=\"attachment-large size-large\" alt=\"\" srcset=\"https:\/\/arquidiocesano.com\/ourobranco\/wp-content\/uploads\/2023\/03\/IMG-20230327-WA0002.jpg 720w, https:\/\/arquidiocesano.com\/ourobranco\/wp-content\/uploads\/2023\/03\/IMG-20230327-WA0002-300x300.jpg 300w, https:\/\/arquidiocesano.com\/ourobranco\/wp-content\/uploads\/2023\/03\/IMG-20230327-WA0002-150x150.jpg 150w\" sizes=\"(max-width: 720px) 100vw, 720px\" \/><\/a>\n\t\t\t<\/div><\/figure><figure class='gallery-item'>\n\t\t\t<div class='gallery-icon portrait'>\n\t\t\t\t<a href='https:\/\/arquidiocesano.com\/ourobranco\/wp-content\/uploads\/2023\/03\/IMG-20230327-WA0009.jpg'><img loading=\"lazy\" decoding=\"async\" width=\"576\" height=\"1024\" src=\"https:\/\/arquidiocesano.com\/ourobranco\/wp-content\/uploads\/2023\/03\/IMG-20230327-WA0009-576x1024.jpg\" class=\"attachment-large size-large\" alt=\"\" srcset=\"https:\/\/arquidiocesano.com\/ourobranco\/wp-content\/uploads\/2023\/03\/IMG-20230327-WA0009-576x1024.jpg 576w, https:\/\/arquidiocesano.com\/ourobranco\/wp-content\/uploads\/2023\/03\/IMG-20230327-WA0009-169x300.jpg 169w, https:\/\/arquidiocesano.com\/ourobranco\/wp-content\/uploads\/2023\/03\/IMG-20230327-WA0009-768x1365.jpg 768w, https:\/\/arquidiocesano.com\/ourobranco\/wp-content\/uploads\/2023\/03\/IMG-20230327-WA0009-864x1536.jpg 864w, https:\/\/arquidiocesano.com\/ourobranco\/wp-content\/uploads\/2023\/03\/IMG-20230327-WA0009.jpg 900w\" sizes=\"(max-width: 576px) 100vw, 576px\" \/><\/a>\n\t\t\t<\/div><\/figure><figure class='gallery-item'>\n\t\t\t<div class='gallery-icon portrait'>\n\t\t\t\t<a href='https:\/\/arquidiocesano.com\/ourobranco\/wp-content\/uploads\/2023\/03\/IMG-20230327-WA0008.jpg'><img loading=\"lazy\" decoding=\"async\" width=\"768\" height=\"1024\" src=\"https:\/\/arquidiocesano.com\/ourobranco\/wp-content\/uploads\/2023\/03\/IMG-20230327-WA0008-768x1024.jpg\" class=\"attachment-large size-large\" alt=\"\" srcset=\"https:\/\/arquidiocesano.com\/ourobranco\/wp-content\/uploads\/2023\/03\/IMG-20230327-WA0008-768x1024.jpg 768w, https:\/\/arquidiocesano.com\/ourobranco\/wp-content\/uploads\/2023\/03\/IMG-20230327-WA0008-225x300.jpg 225w, https:\/\/arquidiocesano.com\/ourobranco\/wp-content\/uploads\/2023\/03\/IMG-20230327-WA0008-1152x1536.jpg 1152w, https:\/\/arquidiocesano.com\/ourobranco\/wp-content\/uploads\/2023\/03\/IMG-20230327-WA0008.jpg 1200w\" sizes=\"(max-width: 768px) 100vw, 768px\" \/><\/a>\n\t\t\t<\/div><\/figure><figure class='gallery-item'>\n\t\t\t<div class='gallery-icon portrait'>\n\t\t\t\t<a href='https:\/\/arquidiocesano.com\/ourobranco\/wp-content\/uploads\/2023\/03\/IMG-20230327-WA0004-1.jpg'><img loading=\"lazy\" decoding=\"async\" width=\"768\" height=\"1024\" src=\"https:\/\/arquidiocesano.com\/ourobranco\/wp-content\/uploads\/2023\/03\/IMG-20230327-WA0004-1-768x1024.jpg\" class=\"attachment-large size-large\" alt=\"\" srcset=\"https:\/\/arquidiocesano.com\/ourobranco\/wp-content\/uploads\/2023\/03\/IMG-20230327-WA0004-1-768x1024.jpg 768w, https:\/\/arquidiocesano.com\/ourobranco\/wp-content\/uploads\/2023\/03\/IMG-20230327-WA0004-1-225x300.jpg 225w, https:\/\/arquidiocesano.com\/ourobranco\/wp-content\/uploads\/2023\/03\/IMG-20230327-WA0004-1-1152x1536.jpg 1152w, https:\/\/arquidiocesano.com\/ourobranco\/wp-content\/uploads\/2023\/03\/IMG-20230327-WA0004-1.jpg 1200w\" sizes=\"(max-width: 768px) 100vw, 768px\" \/><\/a>\n\t\t\t<\/div><\/figure>\n\t\t<\/div>\n\n","protected":false},"excerpt":{"rendered":"<p>Na manh\u00e3 de sexta-feira, 24\/03\/23, os alunos da 1\u00aa s\u00e9rie do Ensino M\u00e9dio participaram de uma aula pr\u00e1tica de Arte com o mestre artes\u00e3o Leonardo Ricart, disc\u00edpulo de mestre Bitinho, o precursor da cer\u00e2mica Saramenha. Os alunos tiveram a oportunidade de aprender sobre o projeto da Cer\u00e2mica Saramenha e a sua hist\u00f3ria. O projeto foi [&hellip;]<\/p>\n","protected":false},"author":1,"featured_media":151,"comment_status":"open","ping_status":"open","sticky":false,"template":"","format":"standard","meta":{"inline_featured_image":false,"footnotes":""},"categories":[1],"tags":[],"class_list":["post-1141","post","type-post","status-publish","format-standard","has-post-thumbnail","hentry","category-noticia"],"yoast_head":"<!-- This site is optimized with the Yoast SEO plugin v27.4 - https:\/\/yoast.com\/product\/yoast-seo-wordpress\/ -->\n<title>Alunos do CAOB recebem a visita do mestre artes\u00e3o, precursor da Cer\u00e2mica Saramenha - CAOB<\/title>\n<meta name=\"robots\" content=\"index, follow, max-snippet:-1, max-image-preview:large, max-video-preview:-1\" \/>\n<link rel=\"canonical\" href=\"https:\/\/arquidiocesano.com\/ourobranco\/alunos-do-caob-recebem-a-visita-do-mestre-artesao-precursor-da-ceramica-saramenha-2\/\" \/>\n<meta property=\"og:locale\" content=\"pt_BR\" \/>\n<meta property=\"og:type\" content=\"article\" \/>\n<meta property=\"og:title\" content=\"Alunos do CAOB recebem a visita do mestre artes\u00e3o, precursor da Cer\u00e2mica Saramenha - CAOB\" \/>\n<meta property=\"og:description\" content=\"Na manh\u00e3 de sexta-feira, 24\/03\/23, os alunos da 1\u00aa s\u00e9rie do Ensino M\u00e9dio participaram de uma aula pr\u00e1tica de Arte com o mestre artes\u00e3o Leonardo Ricart, disc\u00edpulo de mestre Bitinho, o precursor da cer\u00e2mica Saramenha. Os alunos tiveram a oportunidade de aprender sobre o projeto da Cer\u00e2mica Saramenha e a sua hist\u00f3ria. O projeto foi [&hellip;]\" \/>\n<meta property=\"og:url\" content=\"https:\/\/arquidiocesano.com\/ourobranco\/alunos-do-caob-recebem-a-visita-do-mestre-artesao-precursor-da-ceramica-saramenha-2\/\" \/>\n<meta property=\"og:site_name\" content=\"CAOB\" \/>\n<meta property=\"article:publisher\" content=\"https:\/\/www.facebook.com\/CAOB2016\" \/>\n<meta property=\"article:published_time\" content=\"2026-04-08T23:12:37+00:00\" \/>\n<meta property=\"og:image\" content=\"https:\/\/arquidiocesano.com\/ourobranco\/wp-content\/uploads\/2023\/03\/IMG-20230327-WA0002.jpg\" \/>\n\t<meta property=\"og:image:width\" content=\"720\" \/>\n\t<meta property=\"og:image:height\" content=\"720\" \/>\n\t<meta property=\"og:image:type\" content=\"image\/jpeg\" \/>\n<meta name=\"author\" content=\"AdministradorCAOB\" \/>\n<meta name=\"twitter:card\" content=\"summary_large_image\" \/>\n<meta name=\"twitter:label1\" content=\"Escrito por\" \/>\n\t<meta name=\"twitter:data1\" content=\"AdministradorCAOB\" \/>\n\t<meta name=\"twitter:label2\" content=\"Est. tempo de leitura\" \/>\n\t<meta name=\"twitter:data2\" content=\"1 minuto\" \/>\n<script type=\"application\/ld+json\" class=\"yoast-schema-graph\">{\"@context\":\"https:\\\/\\\/schema.org\",\"@graph\":[{\"@type\":\"Article\",\"@id\":\"https:\\\/\\\/arquidiocesano.com\\\/ourobranco\\\/alunos-do-caob-recebem-a-visita-do-mestre-artesao-precursor-da-ceramica-saramenha-2\\\/#article\",\"isPartOf\":{\"@id\":\"https:\\\/\\\/arquidiocesano.com\\\/ourobranco\\\/alunos-do-caob-recebem-a-visita-do-mestre-artesao-precursor-da-ceramica-saramenha-2\\\/\"},\"author\":{\"name\":\"AdministradorCAOB\",\"@id\":\"https:\\\/\\\/arquidiocesano.com\\\/ourobranco\\\/#\\\/schema\\\/person\\\/4f1c8579d9a2ffad06c6212d7960db7c\"},\"headline\":\"Alunos do CAOB recebem a visita do mestre artes\u00e3o, precursor da Cer\u00e2mica Saramenha\",\"datePublished\":\"2026-04-08T23:12:37+00:00\",\"mainEntityOfPage\":{\"@id\":\"https:\\\/\\\/arquidiocesano.com\\\/ourobranco\\\/alunos-do-caob-recebem-a-visita-do-mestre-artesao-precursor-da-ceramica-saramenha-2\\\/\"},\"wordCount\":131,\"commentCount\":0,\"publisher\":{\"@id\":\"https:\\\/\\\/arquidiocesano.com\\\/ourobranco\\\/#organization\"},\"image\":{\"@id\":\"https:\\\/\\\/arquidiocesano.com\\\/ourobranco\\\/alunos-do-caob-recebem-a-visita-do-mestre-artesao-precursor-da-ceramica-saramenha-2\\\/#primaryimage\"},\"thumbnailUrl\":\"https:\\\/\\\/arquidiocesano.com\\\/ourobranco\\\/wp-content\\\/uploads\\\/2023\\\/03\\\/IMG-20230327-WA0002.jpg\",\"articleSection\":[\"Not\u00edcia\"],\"inLanguage\":\"pt-BR\",\"potentialAction\":[{\"@type\":\"CommentAction\",\"name\":\"Comment\",\"target\":[\"https:\\\/\\\/arquidiocesano.com\\\/ourobranco\\\/alunos-do-caob-recebem-a-visita-do-mestre-artesao-precursor-da-ceramica-saramenha-2\\\/#respond\"]}]},{\"@type\":\"WebPage\",\"@id\":\"https:\\\/\\\/arquidiocesano.com\\\/ourobranco\\\/alunos-do-caob-recebem-a-visita-do-mestre-artesao-precursor-da-ceramica-saramenha-2\\\/\",\"url\":\"https:\\\/\\\/arquidiocesano.com\\\/ourobranco\\\/alunos-do-caob-recebem-a-visita-do-mestre-artesao-precursor-da-ceramica-saramenha-2\\\/\",\"name\":\"Alunos do CAOB recebem a visita do mestre artes\u00e3o, precursor da Cer\u00e2mica Saramenha - CAOB\",\"isPartOf\":{\"@id\":\"https:\\\/\\\/arquidiocesano.com\\\/ourobranco\\\/#website\"},\"primaryImageOfPage\":{\"@id\":\"https:\\\/\\\/arquidiocesano.com\\\/ourobranco\\\/alunos-do-caob-recebem-a-visita-do-mestre-artesao-precursor-da-ceramica-saramenha-2\\\/#primaryimage\"},\"image\":{\"@id\":\"https:\\\/\\\/arquidiocesano.com\\\/ourobranco\\\/alunos-do-caob-recebem-a-visita-do-mestre-artesao-precursor-da-ceramica-saramenha-2\\\/#primaryimage\"},\"thumbnailUrl\":\"https:\\\/\\\/arquidiocesano.com\\\/ourobranco\\\/wp-content\\\/uploads\\\/2023\\\/03\\\/IMG-20230327-WA0002.jpg\",\"datePublished\":\"2026-04-08T23:12:37+00:00\",\"breadcrumb\":{\"@id\":\"https:\\\/\\\/arquidiocesano.com\\\/ourobranco\\\/alunos-do-caob-recebem-a-visita-do-mestre-artesao-precursor-da-ceramica-saramenha-2\\\/#breadcrumb\"},\"inLanguage\":\"pt-BR\",\"potentialAction\":[{\"@type\":\"ReadAction\",\"target\":[\"https:\\\/\\\/arquidiocesano.com\\\/ourobranco\\\/alunos-do-caob-recebem-a-visita-do-mestre-artesao-precursor-da-ceramica-saramenha-2\\\/\"]}]},{\"@type\":\"ImageObject\",\"inLanguage\":\"pt-BR\",\"@id\":\"https:\\\/\\\/arquidiocesano.com\\\/ourobranco\\\/alunos-do-caob-recebem-a-visita-do-mestre-artesao-precursor-da-ceramica-saramenha-2\\\/#primaryimage\",\"url\":\"https:\\\/\\\/arquidiocesano.com\\\/ourobranco\\\/wp-content\\\/uploads\\\/2023\\\/03\\\/IMG-20230327-WA0002.jpg\",\"contentUrl\":\"https:\\\/\\\/arquidiocesano.com\\\/ourobranco\\\/wp-content\\\/uploads\\\/2023\\\/03\\\/IMG-20230327-WA0002.jpg\",\"width\":720,\"height\":720},{\"@type\":\"BreadcrumbList\",\"@id\":\"https:\\\/\\\/arquidiocesano.com\\\/ourobranco\\\/alunos-do-caob-recebem-a-visita-do-mestre-artesao-precursor-da-ceramica-saramenha-2\\\/#breadcrumb\",\"itemListElement\":[{\"@type\":\"ListItem\",\"position\":1,\"name\":\"In\u00edcio\",\"item\":\"https:\\\/\\\/arquidiocesano.com\\\/ourobranco\\\/\"},{\"@type\":\"ListItem\",\"position\":2,\"name\":\"Not\u00edcia\",\"item\":\"https:\\\/\\\/arquidiocesano.com\\\/ourobranco\\\/category\\\/noticia\\\/\"},{\"@type\":\"ListItem\",\"position\":3,\"name\":\"Alunos do CAOB recebem a visita do mestre artes\u00e3o, precursor da Cer\u00e2mica Saramenha\"}]},{\"@type\":\"WebSite\",\"@id\":\"https:\\\/\\\/arquidiocesano.com\\\/ourobranco\\\/#website\",\"url\":\"https:\\\/\\\/arquidiocesano.com\\\/ourobranco\\\/\",\"name\":\"CAOB\",\"description\":\"Col\u00e9gio Arquidiocesano de Ouro Branco\",\"publisher\":{\"@id\":\"https:\\\/\\\/arquidiocesano.com\\\/ourobranco\\\/#organization\"},\"potentialAction\":[{\"@type\":\"SearchAction\",\"target\":{\"@type\":\"EntryPoint\",\"urlTemplate\":\"https:\\\/\\\/arquidiocesano.com\\\/ourobranco\\\/?s={search_term_string}\"},\"query-input\":{\"@type\":\"PropertyValueSpecification\",\"valueRequired\":true,\"valueName\":\"search_term_string\"}}],\"inLanguage\":\"pt-BR\"},{\"@type\":\"Organization\",\"@id\":\"https:\\\/\\\/arquidiocesano.com\\\/ourobranco\\\/#organization\",\"name\":\"Col\u00e9gio Arquidiocesano de Ouro Branco\",\"url\":\"https:\\\/\\\/arquidiocesano.com\\\/ourobranco\\\/\",\"logo\":{\"@type\":\"ImageObject\",\"inLanguage\":\"pt-BR\",\"@id\":\"https:\\\/\\\/arquidiocesano.com\\\/ourobranco\\\/#\\\/schema\\\/logo\\\/image\\\/\",\"url\":\"https:\\\/\\\/arquidiocesano.com\\\/ourobranco\\\/wp-content\\\/uploads\\\/2026\\\/04\\\/caob-imagem-destacada.png\",\"contentUrl\":\"https:\\\/\\\/arquidiocesano.com\\\/ourobranco\\\/wp-content\\\/uploads\\\/2026\\\/04\\\/caob-imagem-destacada.png\",\"width\":1200,\"height\":1200,\"caption\":\"Col\u00e9gio Arquidiocesano de Ouro Branco\"},\"image\":{\"@id\":\"https:\\\/\\\/arquidiocesano.com\\\/ourobranco\\\/#\\\/schema\\\/logo\\\/image\\\/\"},\"sameAs\":[\"https:\\\/\\\/www.facebook.com\\\/CAOB2016\",\"https:\\\/\\\/www.instagram.com\\\/caobourobranco\\\/\"]},{\"@type\":\"Person\",\"@id\":\"https:\\\/\\\/arquidiocesano.com\\\/ourobranco\\\/#\\\/schema\\\/person\\\/4f1c8579d9a2ffad06c6212d7960db7c\",\"name\":\"AdministradorCAOB\",\"image\":{\"@type\":\"ImageObject\",\"inLanguage\":\"pt-BR\",\"@id\":\"https:\\\/\\\/secure.gravatar.com\\\/avatar\\\/bcd2205a0e1f8cba17567edd6be616673cf2513688e954cc22d0ad71e1368a77?s=96&d=mm&r=g\",\"url\":\"https:\\\/\\\/secure.gravatar.com\\\/avatar\\\/bcd2205a0e1f8cba17567edd6be616673cf2513688e954cc22d0ad71e1368a77?s=96&d=mm&r=g\",\"contentUrl\":\"https:\\\/\\\/secure.gravatar.com\\\/avatar\\\/bcd2205a0e1f8cba17567edd6be616673cf2513688e954cc22d0ad71e1368a77?s=96&d=mm&r=g\",\"caption\":\"AdministradorCAOB\"},\"sameAs\":[\"https:\\\/\\\/arquidiocesano.com\\\/ourobranco\"],\"url\":\"https:\\\/\\\/arquidiocesano.com\\\/ourobranco\\\/author\\\/administradorcaob\\\/\"}]}<\/script>\n<!-- \/ Yoast SEO plugin. -->","yoast_head_json":{"title":"Alunos do CAOB recebem a visita do mestre artes\u00e3o, precursor da Cer\u00e2mica Saramenha - CAOB","robots":{"index":"index","follow":"follow","max-snippet":"max-snippet:-1","max-image-preview":"max-image-preview:large","max-video-preview":"max-video-preview:-1"},"canonical":"https:\/\/arquidiocesano.com\/ourobranco\/alunos-do-caob-recebem-a-visita-do-mestre-artesao-precursor-da-ceramica-saramenha-2\/","og_locale":"pt_BR","og_type":"article","og_title":"Alunos do CAOB recebem a visita do mestre artes\u00e3o, precursor da Cer\u00e2mica Saramenha - CAOB","og_description":"Na manh\u00e3 de sexta-feira, 24\/03\/23, os alunos da 1\u00aa s\u00e9rie do Ensino M\u00e9dio participaram de uma aula pr\u00e1tica de Arte com o mestre artes\u00e3o Leonardo Ricart, disc\u00edpulo de mestre Bitinho, o precursor da cer\u00e2mica Saramenha. Os alunos tiveram a oportunidade de aprender sobre o projeto da Cer\u00e2mica Saramenha e a sua hist\u00f3ria. O projeto foi [&hellip;]","og_url":"https:\/\/arquidiocesano.com\/ourobranco\/alunos-do-caob-recebem-a-visita-do-mestre-artesao-precursor-da-ceramica-saramenha-2\/","og_site_name":"CAOB","article_publisher":"https:\/\/www.facebook.com\/CAOB2016","article_published_time":"2026-04-08T23:12:37+00:00","og_image":[{"width":720,"height":720,"url":"https:\/\/arquidiocesano.com\/ourobranco\/wp-content\/uploads\/2023\/03\/IMG-20230327-WA0002.jpg","type":"image\/jpeg"}],"author":"AdministradorCAOB","twitter_card":"summary_large_image","twitter_misc":{"Escrito por":"AdministradorCAOB","Est. tempo de leitura":"1 minuto"},"schema":{"@context":"https:\/\/schema.org","@graph":[{"@type":"Article","@id":"https:\/\/arquidiocesano.com\/ourobranco\/alunos-do-caob-recebem-a-visita-do-mestre-artesao-precursor-da-ceramica-saramenha-2\/#article","isPartOf":{"@id":"https:\/\/arquidiocesano.com\/ourobranco\/alunos-do-caob-recebem-a-visita-do-mestre-artesao-precursor-da-ceramica-saramenha-2\/"},"author":{"name":"AdministradorCAOB","@id":"https:\/\/arquidiocesano.com\/ourobranco\/#\/schema\/person\/4f1c8579d9a2ffad06c6212d7960db7c"},"headline":"Alunos do CAOB recebem a visita do mestre artes\u00e3o, precursor da Cer\u00e2mica Saramenha","datePublished":"2026-04-08T23:12:37+00:00","mainEntityOfPage":{"@id":"https:\/\/arquidiocesano.com\/ourobranco\/alunos-do-caob-recebem-a-visita-do-mestre-artesao-precursor-da-ceramica-saramenha-2\/"},"wordCount":131,"commentCount":0,"publisher":{"@id":"https:\/\/arquidiocesano.com\/ourobranco\/#organization"},"image":{"@id":"https:\/\/arquidiocesano.com\/ourobranco\/alunos-do-caob-recebem-a-visita-do-mestre-artesao-precursor-da-ceramica-saramenha-2\/#primaryimage"},"thumbnailUrl":"https:\/\/arquidiocesano.com\/ourobranco\/wp-content\/uploads\/2023\/03\/IMG-20230327-WA0002.jpg","articleSection":["Not\u00edcia"],"inLanguage":"pt-BR","potentialAction":[{"@type":"CommentAction","name":"Comment","target":["https:\/\/arquidiocesano.com\/ourobranco\/alunos-do-caob-recebem-a-visita-do-mestre-artesao-precursor-da-ceramica-saramenha-2\/#respond"]}]},{"@type":"WebPage","@id":"https:\/\/arquidiocesano.com\/ourobranco\/alunos-do-caob-recebem-a-visita-do-mestre-artesao-precursor-da-ceramica-saramenha-2\/","url":"https:\/\/arquidiocesano.com\/ourobranco\/alunos-do-caob-recebem-a-visita-do-mestre-artesao-precursor-da-ceramica-saramenha-2\/","name":"Alunos do CAOB recebem a visita do mestre artes\u00e3o, precursor da Cer\u00e2mica Saramenha - CAOB","isPartOf":{"@id":"https:\/\/arquidiocesano.com\/ourobranco\/#website"},"primaryImageOfPage":{"@id":"https:\/\/arquidiocesano.com\/ourobranco\/alunos-do-caob-recebem-a-visita-do-mestre-artesao-precursor-da-ceramica-saramenha-2\/#primaryimage"},"image":{"@id":"https:\/\/arquidiocesano.com\/ourobranco\/alunos-do-caob-recebem-a-visita-do-mestre-artesao-precursor-da-ceramica-saramenha-2\/#primaryimage"},"thumbnailUrl":"https:\/\/arquidiocesano.com\/ourobranco\/wp-content\/uploads\/2023\/03\/IMG-20230327-WA0002.jpg","datePublished":"2026-04-08T23:12:37+00:00","breadcrumb":{"@id":"https:\/\/arquidiocesano.com\/ourobranco\/alunos-do-caob-recebem-a-visita-do-mestre-artesao-precursor-da-ceramica-saramenha-2\/#breadcrumb"},"inLanguage":"pt-BR","potentialAction":[{"@type":"ReadAction","target":["https:\/\/arquidiocesano.com\/ourobranco\/alunos-do-caob-recebem-a-visita-do-mestre-artesao-precursor-da-ceramica-saramenha-2\/"]}]},{"@type":"ImageObject","inLanguage":"pt-BR","@id":"https:\/\/arquidiocesano.com\/ourobranco\/alunos-do-caob-recebem-a-visita-do-mestre-artesao-precursor-da-ceramica-saramenha-2\/#primaryimage","url":"https:\/\/arquidiocesano.com\/ourobranco\/wp-content\/uploads\/2023\/03\/IMG-20230327-WA0002.jpg","contentUrl":"https:\/\/arquidiocesano.com\/ourobranco\/wp-content\/uploads\/2023\/03\/IMG-20230327-WA0002.jpg","width":720,"height":720},{"@type":"BreadcrumbList","@id":"https:\/\/arquidiocesano.com\/ourobranco\/alunos-do-caob-recebem-a-visita-do-mestre-artesao-precursor-da-ceramica-saramenha-2\/#breadcrumb","itemListElement":[{"@type":"ListItem","position":1,"name":"In\u00edcio","item":"https:\/\/arquidiocesano.com\/ourobranco\/"},{"@type":"ListItem","position":2,"name":"Not\u00edcia","item":"https:\/\/arquidiocesano.com\/ourobranco\/category\/noticia\/"},{"@type":"ListItem","position":3,"name":"Alunos do CAOB recebem a visita do mestre artes\u00e3o, precursor da Cer\u00e2mica Saramenha"}]},{"@type":"WebSite","@id":"https:\/\/arquidiocesano.com\/ourobranco\/#website","url":"https:\/\/arquidiocesano.com\/ourobranco\/","name":"CAOB","description":"Col\u00e9gio Arquidiocesano de Ouro Branco","publisher":{"@id":"https:\/\/arquidiocesano.com\/ourobranco\/#organization"},"potentialAction":[{"@type":"SearchAction","target":{"@type":"EntryPoint","urlTemplate":"https:\/\/arquidiocesano.com\/ourobranco\/?s={search_term_string}"},"query-input":{"@type":"PropertyValueSpecification","valueRequired":true,"valueName":"search_term_string"}}],"inLanguage":"pt-BR"},{"@type":"Organization","@id":"https:\/\/arquidiocesano.com\/ourobranco\/#organization","name":"Col\u00e9gio Arquidiocesano de Ouro Branco","url":"https:\/\/arquidiocesano.com\/ourobranco\/","logo":{"@type":"ImageObject","inLanguage":"pt-BR","@id":"https:\/\/arquidiocesano.com\/ourobranco\/#\/schema\/logo\/image\/","url":"https:\/\/arquidiocesano.com\/ourobranco\/wp-content\/uploads\/2026\/04\/caob-imagem-destacada.png","contentUrl":"https:\/\/arquidiocesano.com\/ourobranco\/wp-content\/uploads\/2026\/04\/caob-imagem-destacada.png","width":1200,"height":1200,"caption":"Col\u00e9gio Arquidiocesano de Ouro Branco"},"image":{"@id":"https:\/\/arquidiocesano.com\/ourobranco\/#\/schema\/logo\/image\/"},"sameAs":["https:\/\/www.facebook.com\/CAOB2016","https:\/\/www.instagram.com\/caobourobranco\/"]},{"@type":"Person","@id":"https:\/\/arquidiocesano.com\/ourobranco\/#\/schema\/person\/4f1c8579d9a2ffad06c6212d7960db7c","name":"AdministradorCAOB","image":{"@type":"ImageObject","inLanguage":"pt-BR","@id":"https:\/\/secure.gravatar.com\/avatar\/bcd2205a0e1f8cba17567edd6be616673cf2513688e954cc22d0ad71e1368a77?s=96&d=mm&r=g","url":"https:\/\/secure.gravatar.com\/avatar\/bcd2205a0e1f8cba17567edd6be616673cf2513688e954cc22d0ad71e1368a77?s=96&d=mm&r=g","contentUrl":"https:\/\/secure.gravatar.com\/avatar\/bcd2205a0e1f8cba17567edd6be616673cf2513688e954cc22d0ad71e1368a77?s=96&d=mm&r=g","caption":"AdministradorCAOB"},"sameAs":["https:\/\/arquidiocesano.com\/ourobranco"],"url":"https:\/\/arquidiocesano.com\/ourobranco\/author\/administradorcaob\/"}]}},"_links":{"self":[{"href":"https:\/\/arquidiocesano.com\/ourobranco\/wp-json\/wp\/v2\/posts\/1141","targetHints":{"allow":["GET"]}}],"collection":[{"href":"https:\/\/arquidiocesano.com\/ourobranco\/wp-json\/wp\/v2\/posts"}],"about":[{"href":"https:\/\/arquidiocesano.com\/ourobranco\/wp-json\/wp\/v2\/types\/post"}],"author":[{"embeddable":true,"href":"https:\/\/arquidiocesano.com\/ourobranco\/wp-json\/wp\/v2\/users\/1"}],"replies":[{"embeddable":true,"href":"https:\/\/arquidiocesano.com\/ourobranco\/wp-json\/wp\/v2\/comments?post=1141"}],"version-history":[{"count":1,"href":"https:\/\/arquidiocesano.com\/ourobranco\/wp-json\/wp\/v2\/posts\/1141\/revisions"}],"predecessor-version":[{"id":1142,"href":"https:\/\/arquidiocesano.com\/ourobranco\/wp-json\/wp\/v2\/posts\/1141\/revisions\/1142"}],"wp:featuredmedia":[{"embeddable":true,"href":"https:\/\/arquidiocesano.com\/ourobranco\/wp-json\/wp\/v2\/media\/151"}],"wp:attachment":[{"href":"https:\/\/arquidiocesano.com\/ourobranco\/wp-json\/wp\/v2\/media?parent=1141"}],"wp:term":[{"taxonomy":"category","embeddable":true,"href":"https:\/\/arquidiocesano.com\/ourobranco\/wp-json\/wp\/v2\/categories?post=1141"},{"taxonomy":"post_tag","embeddable":true,"href":"https:\/\/arquidiocesano.com\/ourobranco\/wp-json\/wp\/v2\/tags?post=1141"}],"curies":[{"name":"wp","href":"https:\/\/api.w.org\/{rel}","templated":true}]}}